{"id":68801,"date":"2025-11-20T09:14:54","date_gmt":"2025-11-20T06:14:54","guid":{"rendered":"https:\/\/www.egemtv.com\/?p=68801"},"modified":"2025-11-20T09:14:54","modified_gmt":"2025-11-20T06:14:54","slug":"bucaktaki-arazi-yangini-sonduruldu","status":"publish","type":"post","link":"https:\/\/www.egemtv.com\/?p=68801","title":{"rendered":"Bucak\u2019taki arazi yang\u0131n\u0131 s\u00f6nd\u00fcr\u00fcld\u00fc"},"content":{"rendered":"<p>Burdur\u2019un Bucak il\u00e7esinde arazide \u00e7\u0131kan yang\u0131n itfaiye ekiplerince s\u00f6nd\u00fcr\u00fcld\u00fc.<br \/>\n<br \/>Yang\u0131n, gece saatlerinde Bucak\u2019a ba\u011fl\u0131 Kestel k\u00f6y\u00fc yak\u0131nlar\u0131nda meydana geldi. Edinilen bilgiye g\u00f6re, araziden alevlerin y\u00fckseldi\u011fini g\u00f6ren \u00e7evredekiler durumu itfaiyeye bildirdi. \u0130hbarla b\u00f6lgeye sevk edilen ekipler yang\u0131n\u0131 k\u0131sa s\u00fcrede kontrol alt\u0131na alarak s\u00f6nd\u00fcrd\u00fc. Yang\u0131n\u0131n \u00e7\u0131k\u0131\u015f nedeni ara\u015ft\u0131r\u0131l\u0131yor.<br \/><\/p>\n","protected":false},"excerpt":{"rendered":"<p>Burdur\u2019un Bucak il\u00e7esinde arazide \u00e7\u0131kan yang\u0131n itfaiye ekiplerince s\u00f6nd\u00fcr\u00fcld\u00fc. Yang\u0131n, gece saatlerinde Bucak\u2019a ba\u011fl\u0131 Kestel k\u00f6y\u00fc yak\u0131nlar\u0131nda meydana geldi. Edinilen bilgiye g\u00f6re, araziden alevlerin y\u00fckseldi\u011fini g\u00f6ren \u00e7evredekiler durumu itfaiyeye bildirdi. \u0130hbarla b\u00f6lgeye sevk edilen ekipler yang\u0131n\u0131 k\u0131sa s\u00fcrede kontrol alt\u0131na alarak s\u00f6nd\u00fcrd\u00fc. Yang\u0131n\u0131n \u00e7\u0131k\u0131\u015f nedeni ara\u015ft\u0131r\u0131l\u0131yor.<\/p>\n","protected":false},"author":1,"featured_media":68802,"comment_status":"open","ping_status":"open","sticky":false,"template":"","format":"standard","meta":{"_crdt_document":"","footnotes":""},"categories":[5],"tags":[],"class_list":["post-68801","post","type-post","status-publish","format-standard","has-post-thumbnail","hentry","category-asayis"],"_links":{"self":[{"href":"https:\/\/www.egemtv.com\/index.php?rest_route=\/wp\/v2\/posts\/68801","targetHints":{"allow":["GET"]}}],"collection":[{"href":"https:\/\/www.egemtv.com\/index.php?rest_route=\/wp\/v2\/posts"}],"about":[{"href":"https:\/\/www.egemtv.com\/index.php?rest_route=\/wp\/v2\/types\/post"}],"author":[{"embeddable":true,"href":"https:\/\/www.egemtv.com\/index.php?rest_route=\/wp\/v2\/users\/1"}],"replies":[{"embeddable":true,"href":"https:\/\/www.egemtv.com\/index.php?rest_route=%2Fwp%2Fv2%2Fcomments&post=68801"}],"version-history":[{"count":1,"href":"https:\/\/www.egemtv.com\/index.php?rest_route=\/wp\/v2\/posts\/68801\/revisions"}],"predecessor-version":[{"id":68803,"href":"https:\/\/www.egemtv.com\/index.php?rest_route=\/wp\/v2\/posts\/68801\/revisions\/68803"}],"wp:featuredmedia":[{"embeddable":true,"href":"https:\/\/www.egemtv.com\/index.php?rest_route=\/wp\/v2\/media\/68802"}],"wp:attachment":[{"href":"https:\/\/www.egemtv.com\/index.php?rest_route=%2Fwp%2Fv2%2Fmedia&parent=68801"}],"wp:term":[{"taxonomy":"category","embeddable":true,"href":"https:\/\/www.egemtv.com\/index.php?rest_route=%2Fwp%2Fv2%2Fcategories&post=68801"},{"taxonomy":"post_tag","embeddable":true,"href":"https:\/\/www.egemtv.com\/index.php?rest_route=%2Fwp%2Fv2%2Ftags&post=68801"}],"curies":[{"name":"wp","href":"https:\/\/api.w.org\/{rel}","templated":true}]}}