{"id":68798,"date":"2025-11-20T09:14:53","date_gmt":"2025-11-20T06:14:53","guid":{"rendered":"https:\/\/www.egemtv.com\/?p=68798"},"modified":"2025-11-20T09:14:53","modified_gmt":"2025-11-20T06:14:53","slug":"burdurda-kamyonet-ile-carpisan-otomobil-hurdaya-dondu-1-olu-1-yarali","status":"publish","type":"post","link":"https:\/\/www.egemtv.com\/?p=68798","title":{"rendered":"Burdur\u2019da kamyonet ile \u00e7arp\u0131\u015fan otomobil hurdaya d\u00f6nd\u00fc: 1 \u00f6l\u00fc, 1 yaral\u0131"},"content":{"rendered":"<p>Burdur\u2019da otomobil ile kamyonetin kav\u015fakta \u00e7arp\u0131\u015fmas\u0131 sonucu meydana gelen trafik kazas\u0131nda otomobil s\u00fcr\u00fcc\u00fcs\u00fc hayat\u0131n\u0131 kaybetti.<br \/>\n<br \/>Kaza, gece saatlerinde Burdur-Antalya Kara yolu \u00fczerinde Karaaliler k\u00f6y\u00fc yak\u0131nlar\u0131nda meydana geldi. Edinilen bilgiye g\u00f6re, Bucak\u2019tan Antalya istikametine gitmekte olan Haluk Teks\u00f6z idaresindeki 07 ALB 294 plakal\u0131 otomobil ile Karaaliler k\u00f6y\u00fc kav\u015fa\u011f\u0131nda kar\u015f\u0131ya ge\u00e7mek isteyen A.T.\u2019nin kulland\u0131\u011f\u0131 15 NC 795 plakal\u0131 kamyonet \u00e7arp\u0131\u015ft\u0131. \u00c7arp\u0131\u015fman\u0131n etkisi ile otomobil hurdaya d\u00f6nerken Haluk Teks\u00f6z olay yerinde hayat\u0131n\u0131 kaybetti. \u0130hbar \u00fczerine adrese sa\u011fl\u0131k, itfaiye, polis ve jandarma ekipleri sevk edildi. Yaral\u0131 kamyonet s\u00fcr\u00fcc\u00fcs\u00fc sa\u011fl\u0131k ekipleri taraf\u0131ndan yap\u0131lan ilk m\u00fcdahalenin ard\u0131ndan ambulansla Bucak Devlet Hastanesine kald\u0131r\u0131ld\u0131. Yap\u0131lan incelemenin ard\u0131ndan Teks\u00f6z\u2019\u00fcn cans\u0131z bedeni morga g\u00f6t\u00fcr\u00fcld\u00fc.<br \/>\n<br \/>Kazayla ilgili soru\u015fturma ba\u015flat\u0131ld\u0131.<br \/><\/p>\n","protected":false},"excerpt":{"rendered":"<p>Burdur\u2019da otomobil ile kamyonetin kav\u015fakta \u00e7arp\u0131\u015fmas\u0131 sonucu meydana gelen trafik kazas\u0131nda otomobil s\u00fcr\u00fcc\u00fcs\u00fc hayat\u0131n\u0131 kaybetti. Kaza, gece saatlerinde Burdur-Antalya Kara yolu \u00fczerinde Karaaliler k\u00f6y\u00fc yak\u0131nlar\u0131nda meydana geldi. Edinilen bilgiye g\u00f6re, Bucak\u2019tan Antalya istikametine gitmekte olan Haluk Teks\u00f6z idaresindeki 07 ALB 294 plakal\u0131 otomobil ile Karaaliler k\u00f6y\u00fc kav\u015fa\u011f\u0131nda kar\u015f\u0131ya ge\u00e7mek isteyen A.T.\u2019nin kulland\u0131\u011f\u0131 15 NC 795&#8230;<\/p>\n","protected":false},"author":1,"featured_media":68799,"comment_status":"open","ping_status":"open","sticky":false,"template":"","format":"standard","meta":{"_crdt_document":"","footnotes":""},"categories":[5],"tags":[],"class_list":["post-68798","post","type-post","status-publish","format-standard","has-post-thumbnail","hentry","category-asayis"],"_links":{"self":[{"href":"https:\/\/www.egemtv.com\/index.php?rest_route=\/wp\/v2\/posts\/68798","targetHints":{"allow":["GET"]}}],"collection":[{"href":"https:\/\/www.egemtv.com\/index.php?rest_route=\/wp\/v2\/posts"}],"about":[{"href":"https:\/\/www.egemtv.com\/index.php?rest_route=\/wp\/v2\/types\/post"}],"author":[{"embeddable":true,"href":"https:\/\/www.egemtv.com\/index.php?rest_route=\/wp\/v2\/users\/1"}],"replies":[{"embeddable":true,"href":"https:\/\/www.egemtv.com\/index.php?rest_route=%2Fwp%2Fv2%2Fcomments&post=68798"}],"version-history":[{"count":1,"href":"https:\/\/www.egemtv.com\/index.php?rest_route=\/wp\/v2\/posts\/68798\/revisions"}],"predecessor-version":[{"id":68800,"href":"https:\/\/www.egemtv.com\/index.php?rest_route=\/wp\/v2\/posts\/68798\/revisions\/68800"}],"wp:featuredmedia":[{"embeddable":true,"href":"https:\/\/www.egemtv.com\/index.php?rest_route=\/wp\/v2\/media\/68799"}],"wp:attachment":[{"href":"https:\/\/www.egemtv.com\/index.php?rest_route=%2Fwp%2Fv2%2Fmedia&parent=68798"}],"wp:term":[{"taxonomy":"category","embeddable":true,"href":"https:\/\/www.egemtv.com\/index.php?rest_route=%2Fwp%2Fv2%2Fcategories&post=68798"},{"taxonomy":"post_tag","embeddable":true,"href":"https:\/\/www.egemtv.com\/index.php?rest_route=%2Fwp%2Fv2%2Ftags&post=68798"}],"curies":[{"name":"wp","href":"https:\/\/api.w.org\/{rel}","templated":true}]}}