{"id":68795,"date":"2025-11-20T08:54:53","date_gmt":"2025-11-20T05:54:53","guid":{"rendered":"https:\/\/www.egemtv.com\/?p=68795"},"modified":"2025-11-20T08:54:54","modified_gmt":"2025-11-20T05:54:54","slug":"baskan-tatik-mahalle-ziyaretlerine-devam-ediyor-2","status":"publish","type":"post","link":"https:\/\/www.egemtv.com\/?p=68795","title":{"rendered":"Ba\u015fkan Tat\u0131k mahalle ziyaretlerine devam ediyor"},"content":{"rendered":"<p>Tavas Belediye Ba\u015fkan\u0131 Kadir Tat\u0131k mahalle ziyaretleri kapsam\u0131nda P\u0131narlar Mahallesinde vatanda\u015flar ile bir araya geldi. Mahallelinin taleplerini dinleyen Ba\u015fkan Tat\u0131k, \u00e7\u00f6z\u00fcm \u00fcretmek i\u00e7in titizlikle \u00e7al\u0131\u015ft\u0131klar\u0131n\u0131 ifade etti.<br \/>\n<br \/>Tavas Belediye Ba\u015fkan\u0131 Kadir Tat\u0131k, mahalle ziyaretleri kapsam\u0131nda P\u0131narlar mahallesinde vatanda\u015flarla bulu\u015ftu. Mahallelinin taleplerini dinleyen Ba\u015fkan Tat\u0131k, vatanda\u015flarla fikir al\u0131\u015fveri\u015finde bulundu. T\u00fcm mahallelerin ihtiya\u00e7lar\u0131n\u0131 \u00f6ncelik s\u0131ras\u0131na g\u00f6re planl\u0131 bir \u015fekilde ele ald\u0131klar\u0131n\u0131 ifade eden Ba\u015fkan Tat\u0131k, &#8220;Her bir b\u00f6lgemizin talebine kar\u015f\u0131l\u0131k kal\u0131c\u0131 \u00e7\u00f6z\u00fcmler \u00fcretmek i\u00e7in titizlikle \u00e7al\u0131\u015f\u0131yoruz. G\u00fcler y\u00fczleri ve misafirperverlikleri i\u00e7in t\u00fcm P\u0131narlar Mahalleli hem\u015fehrilerimize te\u015fekk\u00fcr ediyorum&#8221; dedi.<br \/><\/p>\n","protected":false},"excerpt":{"rendered":"<p>Tavas Belediye Ba\u015fkan\u0131 Kadir Tat\u0131k mahalle ziyaretleri kapsam\u0131nda P\u0131narlar Mahallesinde vatanda\u015flar ile bir araya geldi. Mahallelinin taleplerini dinleyen Ba\u015fkan Tat\u0131k, \u00e7\u00f6z\u00fcm \u00fcretmek i\u00e7in titizlikle \u00e7al\u0131\u015ft\u0131klar\u0131n\u0131 ifade etti. Tavas Belediye Ba\u015fkan\u0131 Kadir Tat\u0131k, mahalle ziyaretleri kapsam\u0131nda P\u0131narlar mahallesinde vatanda\u015flarla bulu\u015ftu. Mahallelinin taleplerini dinleyen Ba\u015fkan Tat\u0131k, vatanda\u015flarla fikir al\u0131\u015fveri\u015finde bulundu. T\u00fcm mahallelerin ihtiya\u00e7lar\u0131n\u0131 \u00f6ncelik s\u0131ras\u0131na g\u00f6re planl\u0131&#8230;<\/p>\n","protected":false},"author":1,"featured_media":68796,"comment_status":"open","ping_status":"open","sticky":false,"template":"","format":"standard","meta":{"_crdt_document":"","footnotes":""},"categories":[127],"tags":[],"class_list":["post-68795","post","type-post","status-publish","format-standard","has-post-thumbnail","hentry","category-siyaset"],"_links":{"self":[{"href":"https:\/\/www.egemtv.com\/index.php?rest_route=\/wp\/v2\/posts\/68795","targetHints":{"allow":["GET"]}}],"collection":[{"href":"https:\/\/www.egemtv.com\/index.php?rest_route=\/wp\/v2\/posts"}],"about":[{"href":"https:\/\/www.egemtv.com\/index.php?rest_route=\/wp\/v2\/types\/post"}],"author":[{"embeddable":true,"href":"https:\/\/www.egemtv.com\/index.php?rest_route=\/wp\/v2\/users\/1"}],"replies":[{"embeddable":true,"href":"https:\/\/www.egemtv.com\/index.php?rest_route=%2Fwp%2Fv2%2Fcomments&post=68795"}],"version-history":[{"count":1,"href":"https:\/\/www.egemtv.com\/index.php?rest_route=\/wp\/v2\/posts\/68795\/revisions"}],"predecessor-version":[{"id":68797,"href":"https:\/\/www.egemtv.com\/index.php?rest_route=\/wp\/v2\/posts\/68795\/revisions\/68797"}],"wp:featuredmedia":[{"embeddable":true,"href":"https:\/\/www.egemtv.com\/index.php?rest_route=\/wp\/v2\/media\/68796"}],"wp:attachment":[{"href":"https:\/\/www.egemtv.com\/index.php?rest_route=%2Fwp%2Fv2%2Fmedia&parent=68795"}],"wp:term":[{"taxonomy":"category","embeddable":true,"href":"https:\/\/www.egemtv.com\/index.php?rest_route=%2Fwp%2Fv2%2Fcategories&post=68795"},{"taxonomy":"post_tag","embeddable":true,"href":"https:\/\/www.egemtv.com\/index.php?rest_route=%2Fwp%2Fv2%2Ftags&post=68795"}],"curies":[{"name":"wp","href":"https:\/\/api.w.org\/{rel}","templated":true}]}}