{"id":68789,"date":"2025-11-20T00:15:45","date_gmt":"2025-11-19T21:15:45","guid":{"rendered":"https:\/\/www.egemtv.com\/?p=68789"},"modified":"2025-11-20T00:15:46","modified_gmt":"2025-11-19T21:15:46","slug":"firari-fetocu-dalamanda-yakalandi","status":"publish","type":"post","link":"https:\/\/www.egemtv.com\/?p=68789","title":{"rendered":"Firari FET\u00d6\u2019c\u00fc Dalamanda yakaland\u0131"},"content":{"rendered":"<p>Dalaman \u0130l\u00e7e Emniyet M\u00fcd\u00fcrl\u00fc\u011f\u00fc ekipleri, Fetullah\u00e7\u0131 Ter\u00f6r \u00d6rg\u00fct\u00fc (FET\u00d6) \u00fcyeli\u011finden 6 y\u0131l 3 ay kesinle\u015fmi\u015f hapis cezas\u0131 bulunan firari \u015fahs\u0131 yakalad\u0131.<br \/>\n<br \/>FET\u00d6 silahl\u0131 ter\u00f6r \u00f6rg\u00fct\u00fc mensuplar\u0131n\u0131n faaliyetlerinin de\u015fifre edilmesi, engellenmesi ve firari \u015fah\u0131slar\u0131n yakalanmas\u0131na y\u00f6nelik y\u00fcr\u00fct\u00fclen \u00e7al\u0131\u015fmalar kapsam\u0131nda Dalaman\u2019da operasyon ger\u00e7ekle\u015ftirildi.<br \/>\n<br \/>Dalaman \u0130l\u00e7e Emniyet M\u00fcd\u00fcrl\u00fc\u011f\u00fc ekipleri taraf\u0131ndan yap\u0131lan \u00e7al\u0131\u015fmalar sonucu, Batman \u0130lamat ve \u0130nfaz B\u00fcrosu taraf\u0131ndan \u2018Silahl\u0131 Ter\u00f6r \u00d6rg\u00fct\u00fcne \u00dcye Olma (FET\u00d6)\u2019 su\u00e7undan 6 y\u0131l 3 ay kesinle\u015fmi\u015f hapis cezas\u0131 bulunan \u00d6.K. adl\u0131 \u015fah\u0131s, sakland\u0131\u011f\u0131 ikamette yakaland\u0131.<br \/>\n<br \/>Emniyet ekipleri taraf\u0131ndan g\u00f6zalt\u0131na al\u0131nan \u015f\u00fcpheli hakk\u0131nda gerekli adli i\u015flemlerin ba\u015flat\u0131ld\u0131\u011f\u0131 bildirildi.<br \/><\/p>\n","protected":false},"excerpt":{"rendered":"<p>Dalaman \u0130l\u00e7e Emniyet M\u00fcd\u00fcrl\u00fc\u011f\u00fc ekipleri, Fetullah\u00e7\u0131 Ter\u00f6r \u00d6rg\u00fct\u00fc (FET\u00d6) \u00fcyeli\u011finden 6 y\u0131l 3 ay kesinle\u015fmi\u015f hapis cezas\u0131 bulunan firari \u015fahs\u0131 yakalad\u0131. FET\u00d6 silahl\u0131 ter\u00f6r \u00f6rg\u00fct\u00fc mensuplar\u0131n\u0131n faaliyetlerinin de\u015fifre edilmesi, engellenmesi ve firari \u015fah\u0131slar\u0131n yakalanmas\u0131na y\u00f6nelik y\u00fcr\u00fct\u00fclen \u00e7al\u0131\u015fmalar kapsam\u0131nda Dalaman\u2019da operasyon ger\u00e7ekle\u015ftirildi. Dalaman \u0130l\u00e7e Emniyet M\u00fcd\u00fcrl\u00fc\u011f\u00fc ekipleri taraf\u0131ndan yap\u0131lan \u00e7al\u0131\u015fmalar sonucu, Batman \u0130lamat ve \u0130nfaz B\u00fcrosu&#8230;<\/p>\n","protected":false},"author":1,"featured_media":68790,"comment_status":"open","ping_status":"open","sticky":false,"template":"","format":"standard","meta":{"_crdt_document":"","footnotes":""},"categories":[5],"tags":[],"class_list":["post-68789","post","type-post","status-publish","format-standard","has-post-thumbnail","hentry","category-asayis"],"_links":{"self":[{"href":"https:\/\/www.egemtv.com\/index.php?rest_route=\/wp\/v2\/posts\/68789","targetHints":{"allow":["GET"]}}],"collection":[{"href":"https:\/\/www.egemtv.com\/index.php?rest_route=\/wp\/v2\/posts"}],"about":[{"href":"https:\/\/www.egemtv.com\/index.php?rest_route=\/wp\/v2\/types\/post"}],"author":[{"embeddable":true,"href":"https:\/\/www.egemtv.com\/index.php?rest_route=\/wp\/v2\/users\/1"}],"replies":[{"embeddable":true,"href":"https:\/\/www.egemtv.com\/index.php?rest_route=%2Fwp%2Fv2%2Fcomments&post=68789"}],"version-history":[{"count":1,"href":"https:\/\/www.egemtv.com\/index.php?rest_route=\/wp\/v2\/posts\/68789\/revisions"}],"predecessor-version":[{"id":68791,"href":"https:\/\/www.egemtv.com\/index.php?rest_route=\/wp\/v2\/posts\/68789\/revisions\/68791"}],"wp:featuredmedia":[{"embeddable":true,"href":"https:\/\/www.egemtv.com\/index.php?rest_route=\/wp\/v2\/media\/68790"}],"wp:attachment":[{"href":"https:\/\/www.egemtv.com\/index.php?rest_route=%2Fwp%2Fv2%2Fmedia&parent=68789"}],"wp:term":[{"taxonomy":"category","embeddable":true,"href":"https:\/\/www.egemtv.com\/index.php?rest_route=%2Fwp%2Fv2%2Fcategories&post=68789"},{"taxonomy":"post_tag","embeddable":true,"href":"https:\/\/www.egemtv.com\/index.php?rest_route=%2Fwp%2Fv2%2Ftags&post=68789"}],"curies":[{"name":"wp","href":"https:\/\/api.w.org\/{rel}","templated":true}]}}