{"id":68783,"date":"2025-11-20T00:15:43","date_gmt":"2025-11-19T21:15:43","guid":{"rendered":"https:\/\/www.egemtv.com\/?p=68783"},"modified":"2025-11-20T00:15:44","modified_gmt":"2025-11-19T21:15:44","slug":"mentese-tokide-cati-yangini-korkuttu","status":"publish","type":"post","link":"https:\/\/www.egemtv.com\/?p=68783","title":{"rendered":"Mente\u015fe TOK\u0130\u2019de \u00e7at\u0131 yang\u0131n\u0131 korkuttu"},"content":{"rendered":"<p>Mu\u011fla\u2019n\u0131n Mente\u015fe il\u00e7esi eski TOK\u0130 konutlar\u0131n\u0131n bulundu\u011fu D69 blokta \u00e7\u0131kan \u00e7at\u0131 yang\u0131n\u0131 k\u0131sa s\u00fcreli pani\u011fe neden oldu. Alevleri fark eden bina sakinleri durumu hemen 112 Acil \u00c7a\u011fr\u0131 Merkezi\u2019ne bildirdi. \u0130hbar \u00fczerine b\u00f6lgeye itfaiye ve polis ekipleri sevk edildi.<br \/>\n<br \/>Yang\u0131n, itfaiye ekipleri b\u00f6lgeye ula\u015fmadan \u00f6nce bina sakinlerinin m\u00fcdahalesiyle kontrol alt\u0131na al\u0131nd\u0131. Ekipler, ard\u0131ndan \u00e7at\u0131 kat\u0131nda so\u011futma \u00e7al\u0131\u015fmas\u0131 yaparak yeniden tutu\u015fman\u0131n \u00f6n\u00fcne ge\u00e7ti. \u015eans eseri yaralanan\u0131n olmad\u0131\u011f\u0131 olayda, yang\u0131n\u0131n \u00e7\u0131k\u0131\u015f nedeniyle ilgili inceleme yap\u0131l\u0131yor.<br \/><\/p>\n","protected":false},"excerpt":{"rendered":"<p>Mu\u011fla\u2019n\u0131n Mente\u015fe il\u00e7esi eski TOK\u0130 konutlar\u0131n\u0131n bulundu\u011fu D69 blokta \u00e7\u0131kan \u00e7at\u0131 yang\u0131n\u0131 k\u0131sa s\u00fcreli pani\u011fe neden oldu. Alevleri fark eden bina sakinleri durumu hemen 112 Acil \u00c7a\u011fr\u0131 Merkezi\u2019ne bildirdi. \u0130hbar \u00fczerine b\u00f6lgeye itfaiye ve polis ekipleri sevk edildi. Yang\u0131n, itfaiye ekipleri b\u00f6lgeye ula\u015fmadan \u00f6nce bina sakinlerinin m\u00fcdahalesiyle kontrol alt\u0131na al\u0131nd\u0131. Ekipler, ard\u0131ndan \u00e7at\u0131 kat\u0131nda so\u011futma&#8230;<\/p>\n","protected":false},"author":1,"featured_media":68784,"comment_status":"open","ping_status":"open","sticky":false,"template":"","format":"standard","meta":{"_crdt_document":"","footnotes":""},"categories":[5],"tags":[],"class_list":["post-68783","post","type-post","status-publish","format-standard","has-post-thumbnail","hentry","category-asayis"],"_links":{"self":[{"href":"https:\/\/www.egemtv.com\/index.php?rest_route=\/wp\/v2\/posts\/68783","targetHints":{"allow":["GET"]}}],"collection":[{"href":"https:\/\/www.egemtv.com\/index.php?rest_route=\/wp\/v2\/posts"}],"about":[{"href":"https:\/\/www.egemtv.com\/index.php?rest_route=\/wp\/v2\/types\/post"}],"author":[{"embeddable":true,"href":"https:\/\/www.egemtv.com\/index.php?rest_route=\/wp\/v2\/users\/1"}],"replies":[{"embeddable":true,"href":"https:\/\/www.egemtv.com\/index.php?rest_route=%2Fwp%2Fv2%2Fcomments&post=68783"}],"version-history":[{"count":1,"href":"https:\/\/www.egemtv.com\/index.php?rest_route=\/wp\/v2\/posts\/68783\/revisions"}],"predecessor-version":[{"id":68785,"href":"https:\/\/www.egemtv.com\/index.php?rest_route=\/wp\/v2\/posts\/68783\/revisions\/68785"}],"wp:featuredmedia":[{"embeddable":true,"href":"https:\/\/www.egemtv.com\/index.php?rest_route=\/wp\/v2\/media\/68784"}],"wp:attachment":[{"href":"https:\/\/www.egemtv.com\/index.php?rest_route=%2Fwp%2Fv2%2Fmedia&parent=68783"}],"wp:term":[{"taxonomy":"category","embeddable":true,"href":"https:\/\/www.egemtv.com\/index.php?rest_route=%2Fwp%2Fv2%2Fcategories&post=68783"},{"taxonomy":"post_tag","embeddable":true,"href":"https:\/\/www.egemtv.com\/index.php?rest_route=%2Fwp%2Fv2%2Ftags&post=68783"}],"curies":[{"name":"wp","href":"https:\/\/api.w.org\/{rel}","templated":true}]}}