{"id":68780,"date":"2025-11-19T23:35:24","date_gmt":"2025-11-19T20:35:24","guid":{"rendered":"https:\/\/www.egemtv.com\/?p=68780"},"modified":"2025-11-19T23:35:25","modified_gmt":"2025-11-19T20:35:25","slug":"yunan-sahil-guvenligi-turk-balikci-teknesine-ates-acti","status":"publish","type":"post","link":"https:\/\/www.egemtv.com\/?p=68780","title":{"rendered":"Yunan Sahil G\u00fcvenli\u011fi T\u00fcrk Bal\u0131k\u00e7\u0131 teknesine ate\u015f a\u00e7t\u0131"},"content":{"rendered":"<p>Ayd\u0131n\u2019\u0131n Didim il\u00e7esindeki bal\u0131k\u00e7\u0131 bar\u0131na\u011f\u0131ndan Ege Denizi\u2019ne a\u00e7\u0131lan T\u00fcrk bal\u0131k\u00e7\u0131 teknesine, Yunan Sahil G\u00fcvenlik ekipleri taraf\u0131ndan ate\u015f a\u00e7\u0131ld\u0131. Sald\u0131r\u0131 sonucu teknede hasar meydana geldi.<br \/>\n<br \/>Edinilen bilgiye g\u00f6re, 18 Kas\u0131m gecesi Didim Ta\u015fburun Bal\u0131k\u00e7\u0131 Bar\u0131na\u011f\u0131\u2019ndan hareket eden &#8220;Hasip Reis 3&#8221; adl\u0131 bal\u0131k\u00e7\u0131 teknesi Didim a\u00e7\u0131klar\u0131nda avlanmaya \u00e7\u0131kt\u0131. Gece yar\u0131s\u0131nda b\u00f6lgeye gelen Yunan Sahil G\u00fcvenlik ekibi, T\u00fcrk bal\u0131k\u00e7\u0131 teknesine 5 el ate\u015f a\u00e7t\u0131. T\u00fcrk bal\u0131k\u00e7\u0131lar, durumu Sahil G\u00fcvenlik Komutanl\u0131\u011f\u0131 ekiplerine bildirdi. T\u00fcrk Sahil G\u00fcvenlik Komutanl\u0131\u011f\u0131 ekipleri b\u00f6lgeye intikal ederken, Yunanl\u0131lar ka\u00e7t\u0131. Bal\u0131k\u00e7\u0131 teknesi T\u00fcrk Sahil G\u00fcvenlik Komutanl\u0131\u011f\u0131 ekipleri nezdinde bar\u0131na\u011fa getirilirken, teknede maddi hasar meydana geldi\u011fi g\u00f6r\u00fcld\u00fc.<br \/><\/p>\n","protected":false},"excerpt":{"rendered":"<p>Ayd\u0131n\u2019\u0131n Didim il\u00e7esindeki bal\u0131k\u00e7\u0131 bar\u0131na\u011f\u0131ndan Ege Denizi\u2019ne a\u00e7\u0131lan T\u00fcrk bal\u0131k\u00e7\u0131 teknesine, Yunan Sahil G\u00fcvenlik ekipleri taraf\u0131ndan ate\u015f a\u00e7\u0131ld\u0131. Sald\u0131r\u0131 sonucu teknede hasar meydana geldi. Edinilen bilgiye g\u00f6re, 18 Kas\u0131m gecesi Didim Ta\u015fburun Bal\u0131k\u00e7\u0131 Bar\u0131na\u011f\u0131\u2019ndan hareket eden &#8220;Hasip Reis 3&#8221; adl\u0131 bal\u0131k\u00e7\u0131 teknesi Didim a\u00e7\u0131klar\u0131nda avlanmaya \u00e7\u0131kt\u0131. Gece yar\u0131s\u0131nda b\u00f6lgeye gelen Yunan Sahil G\u00fcvenlik ekibi, T\u00fcrk&#8230;<\/p>\n","protected":false},"author":1,"featured_media":68781,"comment_status":"open","ping_status":"open","sticky":false,"template":"","format":"standard","meta":{"_crdt_document":"","footnotes":""},"categories":[5],"tags":[],"class_list":["post-68780","post","type-post","status-publish","format-standard","has-post-thumbnail","hentry","category-asayis"],"_links":{"self":[{"href":"https:\/\/www.egemtv.com\/index.php?rest_route=\/wp\/v2\/posts\/68780","targetHints":{"allow":["GET"]}}],"collection":[{"href":"https:\/\/www.egemtv.com\/index.php?rest_route=\/wp\/v2\/posts"}],"about":[{"href":"https:\/\/www.egemtv.com\/index.php?rest_route=\/wp\/v2\/types\/post"}],"author":[{"embeddable":true,"href":"https:\/\/www.egemtv.com\/index.php?rest_route=\/wp\/v2\/users\/1"}],"replies":[{"embeddable":true,"href":"https:\/\/www.egemtv.com\/index.php?rest_route=%2Fwp%2Fv2%2Fcomments&post=68780"}],"version-history":[{"count":1,"href":"https:\/\/www.egemtv.com\/index.php?rest_route=\/wp\/v2\/posts\/68780\/revisions"}],"predecessor-version":[{"id":68782,"href":"https:\/\/www.egemtv.com\/index.php?rest_route=\/wp\/v2\/posts\/68780\/revisions\/68782"}],"wp:featuredmedia":[{"embeddable":true,"href":"https:\/\/www.egemtv.com\/index.php?rest_route=\/wp\/v2\/media\/68781"}],"wp:attachment":[{"href":"https:\/\/www.egemtv.com\/index.php?rest_route=%2Fwp%2Fv2%2Fmedia&parent=68780"}],"wp:term":[{"taxonomy":"category","embeddable":true,"href":"https:\/\/www.egemtv.com\/index.php?rest_route=%2Fwp%2Fv2%2Fcategories&post=68780"},{"taxonomy":"post_tag","embeddable":true,"href":"https:\/\/www.egemtv.com\/index.php?rest_route=%2Fwp%2Fv2%2Ftags&post=68780"}],"curies":[{"name":"wp","href":"https:\/\/api.w.org\/{rel}","templated":true}]}}