{"id":68774,"date":"2025-11-19T22:15:03","date_gmt":"2025-11-19T19:15:03","guid":{"rendered":"https:\/\/www.egemtv.com\/?p=68774"},"modified":"2025-11-19T22:15:04","modified_gmt":"2025-11-19T19:15:04","slug":"ocakta-unutulan-yemekten-cikan-yanginda-2-kedi-telef-oldu","status":"publish","type":"post","link":"https:\/\/www.egemtv.com\/?p=68774","title":{"rendered":"Ocakta unutulan yemekten \u00e7\u0131kan yang\u0131nda 2 kedi telef oldu"},"content":{"rendered":"<p>Mu\u011fla\u2019n\u0131n Milas il\u00e7esinde bir apartman dairesinde ocakta unutulan yemek nedeniyle \u00e7\u0131kan yang\u0131nda dumandan etkilenen 2 kedi telef oldu.<br \/>\n<br \/>Yang\u0131n, Cumhuriyet Mahallesi G\u00fcne\u015f Sokak \u00fczerindeki bir apartman\u0131n ikinci kat\u0131nda ak\u015fam saatlerinde meydana geldi. Edinilen bilgiye g\u00f6re, evde kimsenin bulunmad\u0131\u011f\u0131 s\u0131rada ocakta unutulan yeme\u011fin alev almas\u0131 sonucu yang\u0131n \u00e7\u0131kt\u0131. Evden y\u00fckselen yo\u011fun dumanlar\u0131 fark eden kom\u015fular durumu ev sahibine bildirdi. Ev sahibi kendi imkanlar\u0131 ile alevlere m\u00fcdahalede ba\u015far\u0131s\u0131z olunca 112 Acil \u00c7a\u011fr\u0131 Merkezi\u2019ne yap\u0131lan ihbar \u00fczerine b\u00f6lgeye itfaiye ve polis ekipleri sevk edildi. K\u0131sa s\u00fcrede olay yerine gelen Mu\u011fla B\u00fcy\u00fck\u015fehir Belediyesi \u0130tfaiye Daire Ba\u015fkanl\u0131\u011f\u0131 ekipleri yang\u0131na m\u00fcdahale etti. Yang\u0131n ekiplerin uzun u\u011fra\u015flar\u0131 sonucu kontrol alt\u0131na al\u0131n\u0131rken, yang\u0131nda evde bulunan 2 kedi dumandan etkilenerek telef oldu. Yang\u0131n sonras\u0131 evde b\u00fcy\u00fck \u00e7apta maddi hasar meydana geldi.<br \/>\n<br \/>Olayla ilgili soru\u015fturma s\u00fcr\u00fcyor.<br \/><\/p>\n","protected":false},"excerpt":{"rendered":"<p>Mu\u011fla\u2019n\u0131n Milas il\u00e7esinde bir apartman dairesinde ocakta unutulan yemek nedeniyle \u00e7\u0131kan yang\u0131nda dumandan etkilenen 2 kedi telef oldu. Yang\u0131n, Cumhuriyet Mahallesi G\u00fcne\u015f Sokak \u00fczerindeki bir apartman\u0131n ikinci kat\u0131nda ak\u015fam saatlerinde meydana geldi. Edinilen bilgiye g\u00f6re, evde kimsenin bulunmad\u0131\u011f\u0131 s\u0131rada ocakta unutulan yeme\u011fin alev almas\u0131 sonucu yang\u0131n \u00e7\u0131kt\u0131. Evden y\u00fckselen yo\u011fun dumanlar\u0131 fark eden kom\u015fular durumu&#8230;<\/p>\n","protected":false},"author":1,"featured_media":68775,"comment_status":"open","ping_status":"open","sticky":false,"template":"","format":"standard","meta":{"_crdt_document":"","footnotes":""},"categories":[5],"tags":[],"class_list":["post-68774","post","type-post","status-publish","format-standard","has-post-thumbnail","hentry","category-asayis"],"_links":{"self":[{"href":"https:\/\/www.egemtv.com\/index.php?rest_route=\/wp\/v2\/posts\/68774","targetHints":{"allow":["GET"]}}],"collection":[{"href":"https:\/\/www.egemtv.com\/index.php?rest_route=\/wp\/v2\/posts"}],"about":[{"href":"https:\/\/www.egemtv.com\/index.php?rest_route=\/wp\/v2\/types\/post"}],"author":[{"embeddable":true,"href":"https:\/\/www.egemtv.com\/index.php?rest_route=\/wp\/v2\/users\/1"}],"replies":[{"embeddable":true,"href":"https:\/\/www.egemtv.com\/index.php?rest_route=%2Fwp%2Fv2%2Fcomments&post=68774"}],"version-history":[{"count":1,"href":"https:\/\/www.egemtv.com\/index.php?rest_route=\/wp\/v2\/posts\/68774\/revisions"}],"predecessor-version":[{"id":68776,"href":"https:\/\/www.egemtv.com\/index.php?rest_route=\/wp\/v2\/posts\/68774\/revisions\/68776"}],"wp:featuredmedia":[{"embeddable":true,"href":"https:\/\/www.egemtv.com\/index.php?rest_route=\/wp\/v2\/media\/68775"}],"wp:attachment":[{"href":"https:\/\/www.egemtv.com\/index.php?rest_route=%2Fwp%2Fv2%2Fmedia&parent=68774"}],"wp:term":[{"taxonomy":"category","embeddable":true,"href":"https:\/\/www.egemtv.com\/index.php?rest_route=%2Fwp%2Fv2%2Fcategories&post=68774"},{"taxonomy":"post_tag","embeddable":true,"href":"https:\/\/www.egemtv.com\/index.php?rest_route=%2Fwp%2Fv2%2Ftags&post=68774"}],"curies":[{"name":"wp","href":"https:\/\/api.w.org\/{rel}","templated":true}]}}