{"id":68768,"date":"2025-11-19T21:35:03","date_gmt":"2025-11-19T18:35:03","guid":{"rendered":"https:\/\/www.egemtv.com\/?p=68768"},"modified":"2025-11-19T21:35:04","modified_gmt":"2025-11-19T18:35:04","slug":"takla-atan-aractan-firlayan-genc-kiz-hayatini-kaybetti","status":"publish","type":"post","link":"https:\/\/www.egemtv.com\/?p=68768","title":{"rendered":"Takla atan ara\u00e7tan f\u0131rlayan gen\u00e7 k\u0131z hayat\u0131n\u0131 kaybetti"},"content":{"rendered":"<p>\u0130zmir-Ayd\u0131n karayolunda meydana gelen kazada, takla atan ara\u00e7tan f\u0131rlayan gen\u00e7 k\u0131z hayat\u0131n\u0131 kaybetti.<br \/>\n<br \/>Olay, 8 Kas\u0131m gecesi saat 22.00 s\u0131ralar\u0131nda Sel\u00e7uk\u2019un \u00c7aml\u0131k-Acarlar Mahallesi anayol mevkisinde meydana geldi. Edinilen bilgiye g\u00f6re S.Y. y\u00f6netimindeki 35 NFM 39 plakal\u0131 ara\u00e7, s\u00fcr\u00fcc\u00fcs\u00fcn\u00fcn direksiyon kontrol\u00fcn\u00fc kaybetmesi sonucu takla att\u0131. Kazada, ara\u00e7ta bulunan 17 ya\u015f\u0131ndaki Ceylin I\u015f\u0131k ara\u00e7tan f\u0131rlad\u0131. \u0130hbar \u00fczerine olay yerine polis ve sa\u011fl\u0131k ekipleri sevk edildi. Kazada ara\u00e7 d\u0131\u015f\u0131na f\u0131rlayan Ceylin I\u015f\u0131k a\u011f\u0131r olmak \u00fczere, s\u00fcr\u00fcc\u00fc S.Y. ile yolcu konumundaki E.B. yaraland\u0131. Yaral\u0131lar, ambulansla Sel\u00e7uk Devlet Hastanesi\u2019ne kald\u0131r\u0131ld\u0131. Hastanede yap\u0131lan t\u00fcm m\u00fcdahalelere ra\u011fmen Ceylin I\u015f\u0131k hayat\u0131n\u0131 kaybetti. S.Y. ve E.B.\u2019nin ise hayati tehlikelerinin bulunmad\u0131\u011f\u0131 \u00f6\u011frenildi.<br \/>\n<br \/>\u00d6te yandan Ceylin I\u015f\u0131k\u2019\u0131n liseyi birincilikle bitirdi\u011fi, u\u00e7ak g\u00f6vde-motor b\u00f6l\u00fcm\u00fcnde onur belgesi ald\u0131\u011f\u0131 ve \u00fcniversite s\u0131nav\u0131n\u0131 kazanarak u\u00e7ak m\u00fchendisi olmay\u0131 hedefledi\u011fi \u00f6\u011frenildi.<br \/><\/p>\n","protected":false},"excerpt":{"rendered":"<p>\u0130zmir-Ayd\u0131n karayolunda meydana gelen kazada, takla atan ara\u00e7tan f\u0131rlayan gen\u00e7 k\u0131z hayat\u0131n\u0131 kaybetti. Olay, 8 Kas\u0131m gecesi saat 22.00 s\u0131ralar\u0131nda Sel\u00e7uk\u2019un \u00c7aml\u0131k-Acarlar Mahallesi anayol mevkisinde meydana geldi. Edinilen bilgiye g\u00f6re S.Y. y\u00f6netimindeki 35 NFM 39 plakal\u0131 ara\u00e7, s\u00fcr\u00fcc\u00fcs\u00fcn\u00fcn direksiyon kontrol\u00fcn\u00fc kaybetmesi sonucu takla att\u0131. Kazada, ara\u00e7ta bulunan 17 ya\u015f\u0131ndaki Ceylin I\u015f\u0131k ara\u00e7tan f\u0131rlad\u0131. \u0130hbar \u00fczerine&#8230;<\/p>\n","protected":false},"author":1,"featured_media":68769,"comment_status":"open","ping_status":"open","sticky":false,"template":"","format":"standard","meta":{"_crdt_document":"","footnotes":""},"categories":[5],"tags":[],"class_list":["post-68768","post","type-post","status-publish","format-standard","has-post-thumbnail","hentry","category-asayis"],"_links":{"self":[{"href":"https:\/\/www.egemtv.com\/index.php?rest_route=\/wp\/v2\/posts\/68768","targetHints":{"allow":["GET"]}}],"collection":[{"href":"https:\/\/www.egemtv.com\/index.php?rest_route=\/wp\/v2\/posts"}],"about":[{"href":"https:\/\/www.egemtv.com\/index.php?rest_route=\/wp\/v2\/types\/post"}],"author":[{"embeddable":true,"href":"https:\/\/www.egemtv.com\/index.php?rest_route=\/wp\/v2\/users\/1"}],"replies":[{"embeddable":true,"href":"https:\/\/www.egemtv.com\/index.php?rest_route=%2Fwp%2Fv2%2Fcomments&post=68768"}],"version-history":[{"count":1,"href":"https:\/\/www.egemtv.com\/index.php?rest_route=\/wp\/v2\/posts\/68768\/revisions"}],"predecessor-version":[{"id":68770,"href":"https:\/\/www.egemtv.com\/index.php?rest_route=\/wp\/v2\/posts\/68768\/revisions\/68770"}],"wp:featuredmedia":[{"embeddable":true,"href":"https:\/\/www.egemtv.com\/index.php?rest_route=\/wp\/v2\/media\/68769"}],"wp:attachment":[{"href":"https:\/\/www.egemtv.com\/index.php?rest_route=%2Fwp%2Fv2%2Fmedia&parent=68768"}],"wp:term":[{"taxonomy":"category","embeddable":true,"href":"https:\/\/www.egemtv.com\/index.php?rest_route=%2Fwp%2Fv2%2Fcategories&post=68768"},{"taxonomy":"post_tag","embeddable":true,"href":"https:\/\/www.egemtv.com\/index.php?rest_route=%2Fwp%2Fv2%2Ftags&post=68768"}],"curies":[{"name":"wp","href":"https:\/\/api.w.org\/{rel}","templated":true}]}}