{"id":68765,"date":"2025-11-19T21:35:02","date_gmt":"2025-11-19T18:35:02","guid":{"rendered":"https:\/\/www.egemtv.com\/?p=68765"},"modified":"2025-11-19T21:35:03","modified_gmt":"2025-11-19T18:35:03","slug":"mentese-belediyesi-3-yeni-tesisi-duzenlenen-toren-ile-hizmete-sundu","status":"publish","type":"post","link":"https:\/\/www.egemtv.com\/?p=68765","title":{"rendered":"Mente\u015fe Belediyesi 3 yeni tesisi d\u00fczenlenen t\u00f6ren ile hizmete sundu"},"content":{"rendered":"<p>Mente\u015fe Belediyesi, sosyal belediyecilik vizyonuyla hayata ge\u00e7irdi\u011fi \u00fc\u00e7 \u00f6nemli projenin a\u00e7\u0131l\u0131\u015f t\u00f6renini ger\u00e7ekle\u015ftirdi. Mente\u015fe Belediye Ba\u015fkan\u0131 Gonca K\u00f6ksal Aras ve Mu\u011fla B\u00fcy\u00fck\u015fehir Belediye Ba\u015fkan\u0131 Ahmet Aras, projelerin daha adil, daha g\u00fc\u00e7l\u00fc ve daha umutlu bir kent hedefinin simgesi oldu\u011funu vurgulad\u0131.<\/p>\n<p>Mente\u015fe Belediyesi \u00d6zel G\u00fcne\u015f G\u00fcnd\u00fcz Bak\u0131mevi, Teknoloji ve Gen\u00e7lik Merkezi ile K\u00f6tekli Kent Lokantas\u0131 d\u00fczenlenen t\u00f6ren ile hizmete girdi. A\u00e7\u0131l\u0131\u015fta ilk olarak konu\u015fan Mente\u015fe Belediye Ba\u015fkan\u0131 Gonca K\u00f6ksal Aras, a\u00e7\u0131lan \u00fc\u00e7 tesisin de birbirini tamamlad\u0131\u011f\u0131n\u0131 ve kente yeni kap\u0131lar a\u00e7t\u0131\u011f\u0131n\u0131 belirtti. Projelerin kad\u0131nlara, gen\u00e7lere, \u00e7ocuklara ve t\u00fcm topluma dokunan, i\u015flerini kolayla\u015ft\u0131ran ve ceplerine katk\u0131 sunan hizmetler oldu\u011funu ifade etti.<\/p>\n<p>Ba\u015fkan K\u00f6ksal Aras, projeler hakk\u0131nda detayl\u0131 bilgiler verdi. \u00d6zel G\u00fcne\u015f G\u00fcnd\u00fcz Bak\u0131mevi Bay\u0131r Mahallesi\u2019nde a\u00e7\u0131lan kre\u015fin, sanayi tesislerinin yo\u011fun oldu\u011fu bir b\u00f6lgede kad\u0131nlar\u0131n \u00fcretime kat\u0131l\u0131m\u0131n\u0131 desteklemek amac\u0131yla kuruldu\u011funu s\u00f6yledi. Annelerin g\u00fcvenle \u00e7ocuklar\u0131n\u0131 emanet edebilece\u011fi merkezin, \u00e7ocuklar\u0131 sevgiyle, bilimin yolunda ve cumhuriyet de\u011ferlerine ba\u011fl\u0131 bireyler olarak yeti\u015ftirece\u011fini ekledi. Teknoloji ve Gen\u00e7lik Merkezi  K\u00f6tekli\u2019deki 30 bine yak\u0131n \u00fcniversite \u00f6\u011frencisi ile kent merkezi aras\u0131ndaki kopuklu\u011fu giderme hedefiyle a\u00e7\u0131ld\u0131\u011f\u0131n\u0131 belirtti. Merkezde 3D Yaz\u0131c\u0131 ve Teknoloji Odas\u0131, VR Odas\u0131 ve Video\/Podcast Kay\u0131t St\u00fcdyosu gibi donan\u0131mlar\u0131n gen\u00e7lerin fikir geli\u015ftirmesine, i\u00e7erik \u00fcretmesine ve hayallerini b\u00fcy\u00fctmesine imkan sa\u011flayaca\u011f\u0131n\u0131 vurgulad\u0131. K\u00f6tekli Kent Lokantas\u0131 Bar\u0131nma ve beslenme sorunu ya\u015fayan gen\u00e7lere ekonomik \u015fartlarda destek olmay\u0131 ama\u00e7lad\u0131\u011f\u0131n\u0131 ifade etti. \u00d6\u011frencilerden gelen talepler do\u011frultusunda hizmet saatlerinin ak\u015fam saatlerine g\u00f6re d\u00fczenlendi\u011fini ve hay\u0131rsever vatanda\u015flar\u0131n deste\u011fiyle \u00f6\u011frencilere \u00fccretsiz yemek imkan\u0131 da sunuldu\u011funu dile getirdi.<\/p>\n<p>Ba\u015fkan K\u00f6ksal Aras ayr\u0131ca, Mente\u015fe Belediyesi\u2019ndeki kad\u0131n \u00e7al\u0131\u015fanlara her ay verilen hijyen deste\u011finin yan\u0131 s\u0131ra, toplu i\u015f s\u00f6zle\u015fmesine do\u011fum sonras\u0131 izin s\u00fcresini 6 aya \u00e7\u0131karma maddesi ekleme karar\u0131 al\u0131nd\u0131\u011f\u0131n\u0131n m\u00fcjdesini verdi. Konu\u015fmas\u0131n\u0131, Gazi Mustafa Kemal Atat\u00fcrk\u2019\u00fcn, &#8220;Hi\u00e7bir \u015feye ihtiyac\u0131m\u0131z yok, tek bir \u015feye ihtiyac\u0131m\u0131z var, sadece \u00e7al\u0131\u015fkan olmak&#8221; s\u00f6z\u00fcyle sonland\u0131rarak, son nefese kadar \u00e7al\u0131\u015fmaya devam edeceklerini yineledi.<\/p>\n<p>T\u00f6rende s\u00f6z alan Mu\u011fla B\u00fcy\u00fck\u015fehir Belediye Ba\u015fkan\u0131 Ahmet Aras, Mu\u011fla\u2019n\u0131n t\u00fcm renkleriyle huzur ve g\u00fcvenle gelece\u011fe ilerledi\u011fini ve umutlar\u0131n\u0131n sonsuz oldu\u011funu belirtti. Ba\u015fkan Aras, a\u00e7\u0131lan tesislerin Mu\u011fla\u2019n\u0131n gelece\u011fine ve insana dokunan \u00e7ok \u00f6nemli projeler oldu\u011funu dile getirdi.<\/p>\n<p>Ba\u015fkan Aras kent lokantalar\u0131 projesinin \u00f6nemine dikkat \u00e7ekerek, &#8220;Kent lokantalar\u0131 bir a\u015fevi de\u011fil. \u0130\u015fte sevgili ba\u015fkan\u0131m\u0131z Ekrem \u0130mamo\u011flu\u2019nun ortaya koydu\u011fu vizyon asl\u0131nda tam burada ortaya \u00e7\u0131k\u0131yor. \u00c7\u00fcnk\u00fc Ekrem Ba\u015fkan\u0131m istese bedava da da\u011f\u0131tabilirdi, a\u015fevi gibi. Ama hay\u0131r, insanlar\u0131n gelip dar b\u00fct\u00e7elerinden uygun fiyata yemek yiyebildikleri, \u00e7\u0131karken paras\u0131n\u0131 da \u00f6dedikleri ve g\u00f6n\u00fcl rahatl\u0131\u011f\u0131yla oradan ayr\u0131labildikleri bir yuva tasarlam\u0131\u015ft\u0131 asl\u0131nda. \u0130\u015fte tam da kent lokantalar\u0131 bu amaca da hizmet ediyor. Bu ger\u00e7ekten insanlara onurlu bir hizmetle bulu\u015fabilmenin projesidir&#8221; dedi.<\/p>\n<p>Halk\u00e7\u0131 belediyecilik anlay\u0131\u015f\u0131yla \u00e7al\u0131\u015ft\u0131klar\u0131n\u0131 ve siyasete olan g\u00fcven erozyonunu yerel y\u00f6neticiler olarak tesis edebileceklerini vurgulad\u0131. Bay\u0131r\u2019daki g\u00fcnd\u00fcz bak\u0131m evinin \u00fcst kat\u0131ndaki kad\u0131n merkezi ile entegre bir proje oldu\u011funu belirterek, kad\u0131nlar\u0131n hem sosyalle\u015fip hem de \u00fcretim yapabildi\u011fi bu t\u00fcr projelerin \u00f6nemini kaydetti.<\/p>\n<p>S\u00f6zlerinin sonunda, \u00f6nceki d\u00f6nem B\u00fcy\u00fck\u015fehir Belediye Ba\u015fkan\u0131 Osman G\u00fcr\u00fcn\u2019e te\u015fekk\u00fcr eden Ba\u015fkan Aras, gen\u00e7lerin gelece\u011fi, kad\u0131nlar\u0131n e\u015fitli\u011fi, emek\u00e7inin al\u0131n teri ve emeklinin ya\u015fam hakk\u0131 i\u00e7in \u00e7al\u0131\u015fmaya devam edeceklerini, hizmeti b\u00fcy\u00fcterek umudu \u00e7o\u011faltacaklar\u0131n\u0131 s\u00f6yledi.<\/p>\n<p>A\u00e7\u0131l\u0131\u015f\u0131 yap\u0131lan eserlerin Mu\u011fla ve t\u00fcm hem\u015ferilere hay\u0131rl\u0131 u\u011furlu olmas\u0131n\u0131 dileyerek konu\u015fmas\u0131n\u0131 tamamlad\u0131.<\/p>\n<p>A\u00e7\u0131l\u0131\u015f\u0131 yap\u0131lan Mente\u015fe Belediyesi \u00d6zel G\u00fcne\u015f G\u00fcnd\u00fcz ve Gen\u00e7lik Merkezi ile K\u00f6tekli Kent Lokantas\u0131\u2019n\u0131n resmi a\u00e7\u0131l\u0131\u015f kurdele kesimlerinin ger\u00e7ekle\u015ftirildi ve tesisler kat\u0131l\u0131mc\u0131lar taraf\u0131ndan gezildi.<br \/><\/p>\n","protected":false},"excerpt":{"rendered":"<p>Mente\u015fe Belediyesi, sosyal belediyecilik vizyonuyla hayata ge\u00e7irdi\u011fi \u00fc\u00e7 \u00f6nemli projenin a\u00e7\u0131l\u0131\u015f t\u00f6renini ger\u00e7ekle\u015ftirdi. Mente\u015fe Belediye Ba\u015fkan\u0131 Gonca K\u00f6ksal Aras ve Mu\u011fla B\u00fcy\u00fck\u015fehir Belediye Ba\u015fkan\u0131 Ahmet Aras, projelerin daha adil, daha g\u00fc\u00e7l\u00fc ve daha umutlu bir kent hedefinin simgesi oldu\u011funu vurgulad\u0131. Mente\u015fe Belediyesi \u00d6zel G\u00fcne\u015f G\u00fcnd\u00fcz Bak\u0131mevi, Teknoloji ve Gen\u00e7lik Merkezi ile K\u00f6tekli Kent Lokantas\u0131 d\u00fczenlenen&#8230;<\/p>\n","protected":false},"author":1,"featured_media":68766,"comment_status":"open","ping_status":"open","sticky":false,"template":"","format":"standard","meta":{"_crdt_document":"","footnotes":""},"categories":[1],"tags":[],"class_list":["post-68765","post","type-post","status-publish","format-standard","has-post-thumbnail","hentry","category-guncel"],"_links":{"self":[{"href":"https:\/\/www.egemtv.com\/index.php?rest_route=\/wp\/v2\/posts\/68765","targetHints":{"allow":["GET"]}}],"collection":[{"href":"https:\/\/www.egemtv.com\/index.php?rest_route=\/wp\/v2\/posts"}],"about":[{"href":"https:\/\/www.egemtv.com\/index.php?rest_route=\/wp\/v2\/types\/post"}],"author":[{"embeddable":true,"href":"https:\/\/www.egemtv.com\/index.php?rest_route=\/wp\/v2\/users\/1"}],"replies":[{"embeddable":true,"href":"https:\/\/www.egemtv.com\/index.php?rest_route=%2Fwp%2Fv2%2Fcomments&post=68765"}],"version-history":[{"count":1,"href":"https:\/\/www.egemtv.com\/index.php?rest_route=\/wp\/v2\/posts\/68765\/revisions"}],"predecessor-version":[{"id":68767,"href":"https:\/\/www.egemtv.com\/index.php?rest_route=\/wp\/v2\/posts\/68765\/revisions\/68767"}],"wp:featuredmedia":[{"embeddable":true,"href":"https:\/\/www.egemtv.com\/index.php?rest_route=\/wp\/v2\/media\/68766"}],"wp:attachment":[{"href":"https:\/\/www.egemtv.com\/index.php?rest_route=%2Fwp%2Fv2%2Fmedia&parent=68765"}],"wp:term":[{"taxonomy":"category","embeddable":true,"href":"https:\/\/www.egemtv.com\/index.php?rest_route=%2Fwp%2Fv2%2Fcategories&post=68765"},{"taxonomy":"post_tag","embeddable":true,"href":"https:\/\/www.egemtv.com\/index.php?rest_route=%2Fwp%2Fv2%2Ftags&post=68765"}],"curies":[{"name":"wp","href":"https:\/\/api.w.org\/{rel}","templated":true}]}}