{"id":68759,"date":"2025-11-19T20:54:31","date_gmt":"2025-11-19T17:54:31","guid":{"rendered":"https:\/\/www.egemtv.com\/?p=68759"},"modified":"2025-11-19T20:54:32","modified_gmt":"2025-11-19T17:54:32","slug":"bodrum-plaj-caddesinde-2-etap-calismalari-basladi","status":"publish","type":"post","link":"https:\/\/www.egemtv.com\/?p=68759","title":{"rendered":"Bodrum Plaj Caddesi\u2019nde 2. etap \u00e7al\u0131\u015fmalar\u0131 ba\u015flad\u0131"},"content":{"rendered":"<p>Bodrum Belediye Ba\u015fkan\u0131 Tamer Mandalinci, Yal\u0131kavak Mahallesi Plaj Caddesi\u2019nde ba\u015flat\u0131lan 2. etap \u00fcstyap\u0131 \u00e7al\u0131\u015fmalar\u0131n\u0131 yerinde inceledi. Turizm sezonunun sona ermesiyle birlikte il\u00e7e genelinde \u00e7al\u0131\u015fmalar\u0131n h\u0131z kazand\u0131\u011f\u0131n\u0131 belirten Ba\u015fkan Mandalinci, K\u00fcd\u00fcr mevkiine kadar uzanacak 3. etap projesinin de m\u00fcjdesini verdi.<\/p>\n<p>Bodrum Belediyesi Fen \u0130\u015fleri M\u00fcd\u00fcrl\u00fc\u011f\u00fc ekipleri, 2025 yaz sezonu \u00f6ncesinde Yal\u0131kavak Mahallesi Plaj Caddesi\u2019ndeki \u00fcstyap\u0131 \u00e7al\u0131\u015fmalar\u0131na h\u0131z verdi. Ge\u00e7ti\u011fimiz may\u0131s ay\u0131nda 1. etab\u0131 tamamlanan projenin 2. etap \u00e7al\u0131\u015fmalar\u0131, turizm sezonunun sona ermesiyle birlikte yeniden ba\u015flad\u0131.<br \/>\n<br \/>Projenin ilk etab\u0131nda Plaj Caddesi\u2019nin 240 metrelik k\u0131sm\u0131nda altyap\u0131 yenilenmi\u015f; 18 mazgal imalat\u0131 ve 50 metre ya\u011fmur suyu hatt\u0131 ile birlikte begonit k\u00fcp ta\u015f d\u00f6\u015feme \u00e7al\u0131\u015fmas\u0131 tamamlanm\u0131\u015ft\u0131. Devam eden \u00e7al\u0131\u015fmalar\u0131 yerinde inceleyen Bodrum Belediye Ba\u015fkan\u0131 Tamer Mandalinci, s\u00fcre\u00e7 hakk\u0131nda teknik ekiple de\u011ferlendirmelerde bulundu.<\/p>\n<p>&#8220;Toplam 12 bin 500 metrekarelik alan yenileniyor&#8221;<br \/>\n<br \/>Bodrum\u2019un her mahallesinde \u00e7al\u0131\u015fmalar\u0131n yo\u011funla\u015ft\u0131\u011f\u0131n\u0131 vurgulayan Ba\u015fkan Mandalinci, Yal\u0131kavak\u2019taki proje s\u00fcreciyle ilgili, &#8220;Ge\u00e7ti\u011fimiz may\u0131s ay\u0131nda tamamlad\u0131\u011f\u0131m\u0131z ilk etapta 1.500 metrekarelik alanda imalat ger\u00e7ekle\u015ftirmi\u015ftik. \u015eu anda y\u00fcr\u00fct\u00fclen 2. etap \u00e7al\u0131\u015fmalar\u0131 kapsam\u0131nda ise 3 bin metrekarelik alanda begonit parke d\u00f6\u015femesi yap\u0131yoruz. Toplamda yakla\u015f\u0131k 700 metrelik bir hatta, 4 bin 500 metrekarelik begonit parke \u00e7al\u0131\u015fmas\u0131 tamamlanm\u0131\u015f olacak. Ayr\u0131ca Plaj Caddesi\u2019ne ba\u011flanan ara yollar\u0131m\u0131zda da ekiplerimizce 7 bin 500 metrekarelik parke imalat\u0131 yap\u0131ld\u0131. Genel tabloya bakt\u0131\u011f\u0131m\u0131zda, Yal\u0131kavak Mahallemizdeki ana arter ve ara sokaklarda toplam 12 bin 500 metrekarelik bir alan\u0131 yenilemi\u015f oluyoruz&#8221; diye konu\u015ftu.<\/p>\n<p>Ba\u015fkan Mandalinci \u00e7al\u0131\u015fmalar\u0131n sadece bu etapla s\u0131n\u0131rl\u0131 kalmayaca\u011f\u0131n\u0131 belirterek 3. etap planlamas\u0131n\u0131 da payla\u015ft\u0131. Mandalinci, &#8220;\u0130kinci etap bitti\u011finde, \u015fu an \u00fczerinde bulundu\u011fumuz hatt\u0131 K\u00fcd\u00fcr mevkiine kadar uzatacak olan \u00fc\u00e7\u00fcnc\u00fc etap \u00e7al\u0131\u015fmalar\u0131n\u0131 planlay\u0131p h\u0131zla hayata ge\u00e7irece\u011fiz. \u00d6n\u00fcm\u00fczdeki yaz sezonunda Yal\u0131kavak Plaj Caddesi; peyzaj\u0131, \u00e7ocuk parklar\u0131, y\u00fcr\u00fcy\u00fc\u015f alanlar\u0131 ve ya\u011fmur suyu hatlar\u0131yla K\u00fcd\u00fcr\u2019e kadar neredeyse tamamen revize edilmi\u015f olacak. Halk\u0131m\u0131za en iyi hizmeti sunmak i\u00e7in dizayn edilen bu s\u00fcreci sahada takip ediyoruz. Muhtar\u0131m\u0131z, ba\u015fkan yard\u0131mc\u0131lar\u0131m\u0131z, m\u00fcd\u00fcrlerimiz ve meclis \u00fcyelerimizle birlikte vatanda\u015ftan gelen talepler do\u011frultusunda elimizdeki imkanlar\u0131 en verimli \u015fekilde kullanarak \u00e7al\u0131\u015fmalar\u0131m\u0131za devam ediyoruz&#8221; dedi.<\/p>\n<p>\u00c7al\u0131\u015fmalar\u0131 Ba\u015fkan Mandalinci ile birlikte inceleyen Yal\u0131kavak Mahalle Muhtar\u0131 Ali \u00c7\u0131nar ise memnuniyetini dile getirerek, &#8220;\u015eu anda \u00e7ok g\u00fczel bir \u00e7al\u0131\u015fma y\u00fcr\u00fct\u00fcl\u00fcyor. May\u0131s ay\u0131nda tamamlanan parke de\u011fi\u015fim \u00e7al\u0131\u015fmalar\u0131n\u0131n ikinci etab\u0131na ba\u015flad\u0131k. Hem yol kalitesi hem de desenleriyle Yal\u0131kavak\u2019a yak\u0131\u015fan estetik bir g\u00f6r\u00fcnt\u00fc ortaya \u00e7\u0131k\u0131yor. Mahallemiz i\u00e7in iyi oluyor&#8221; ifadelerini kulland\u0131.<\/p>\n<p>Ba\u015fkan Tamer Mandalinci, Plaj Caddesi ve ba\u011flant\u0131l\u0131 sokaklardaki incelemelerinin ard\u0131ndan Fen \u0130\u015fleri M\u00fcd\u00fcrl\u00fc\u011f\u00fc \u015fantiyesini ziyaret ederek personelle bir araya geldi. Son olarak yap\u0131m\u0131nda sona gelinen Yal\u0131kavak Pazar Yeri\u2019ni de ziyaret eden Ba\u015fkan Mandalinci\u2019ye saha program\u0131 boyunca; Yal\u0131kavak Mahalle Muhtar\u0131 Ali \u00c7\u0131nar, Muhtarlar Birli\u011fi Derne\u011fi Ba\u015fkan\u0131 Ahmet Cemil G\u00fcnd\u00fcz, ba\u015fkan yard\u0131mc\u0131lar\u0131, ilgili birim m\u00fcd\u00fcrleri ve meclis \u00fcyeleri e\u015flik etti.<br \/><\/p>\n","protected":false},"excerpt":{"rendered":"<p>Bodrum Belediye Ba\u015fkan\u0131 Tamer Mandalinci, Yal\u0131kavak Mahallesi Plaj Caddesi\u2019nde ba\u015flat\u0131lan 2. etap \u00fcstyap\u0131 \u00e7al\u0131\u015fmalar\u0131n\u0131 yerinde inceledi. Turizm sezonunun sona ermesiyle birlikte il\u00e7e genelinde \u00e7al\u0131\u015fmalar\u0131n h\u0131z kazand\u0131\u011f\u0131n\u0131 belirten Ba\u015fkan Mandalinci, K\u00fcd\u00fcr mevkiine kadar uzanacak 3. etap projesinin de m\u00fcjdesini verdi. Bodrum Belediyesi Fen \u0130\u015fleri M\u00fcd\u00fcrl\u00fc\u011f\u00fc ekipleri, 2025 yaz sezonu \u00f6ncesinde Yal\u0131kavak Mahallesi Plaj Caddesi\u2019ndeki \u00fcstyap\u0131 \u00e7al\u0131\u015fmalar\u0131na&#8230;<\/p>\n","protected":false},"author":1,"featured_media":68760,"comment_status":"open","ping_status":"open","sticky":false,"template":"","format":"standard","meta":{"_crdt_document":"","footnotes":""},"categories":[1],"tags":[],"class_list":["post-68759","post","type-post","status-publish","format-standard","has-post-thumbnail","hentry","category-guncel"],"_links":{"self":[{"href":"https:\/\/www.egemtv.com\/index.php?rest_route=\/wp\/v2\/posts\/68759","targetHints":{"allow":["GET"]}}],"collection":[{"href":"https:\/\/www.egemtv.com\/index.php?rest_route=\/wp\/v2\/posts"}],"about":[{"href":"https:\/\/www.egemtv.com\/index.php?rest_route=\/wp\/v2\/types\/post"}],"author":[{"embeddable":true,"href":"https:\/\/www.egemtv.com\/index.php?rest_route=\/wp\/v2\/users\/1"}],"replies":[{"embeddable":true,"href":"https:\/\/www.egemtv.com\/index.php?rest_route=%2Fwp%2Fv2%2Fcomments&post=68759"}],"version-history":[{"count":1,"href":"https:\/\/www.egemtv.com\/index.php?rest_route=\/wp\/v2\/posts\/68759\/revisions"}],"predecessor-version":[{"id":68761,"href":"https:\/\/www.egemtv.com\/index.php?rest_route=\/wp\/v2\/posts\/68759\/revisions\/68761"}],"wp:featuredmedia":[{"embeddable":true,"href":"https:\/\/www.egemtv.com\/index.php?rest_route=\/wp\/v2\/media\/68760"}],"wp:attachment":[{"href":"https:\/\/www.egemtv.com\/index.php?rest_route=%2Fwp%2Fv2%2Fmedia&parent=68759"}],"wp:term":[{"taxonomy":"category","embeddable":true,"href":"https:\/\/www.egemtv.com\/index.php?rest_route=%2Fwp%2Fv2%2Fcategories&post=68759"},{"taxonomy":"post_tag","embeddable":true,"href":"https:\/\/www.egemtv.com\/index.php?rest_route=%2Fwp%2Fv2%2Ftags&post=68759"}],"curies":[{"name":"wp","href":"https:\/\/api.w.org\/{rel}","templated":true}]}}