{"id":68756,"date":"2025-11-19T18:35:04","date_gmt":"2025-11-19T15:35:04","guid":{"rendered":"https:\/\/www.egemtv.com\/?p=68756"},"modified":"2025-11-19T18:35:05","modified_gmt":"2025-11-19T15:35:05","slug":"kutahyada-688-bin-640-adet-makaron-ele-gecirildi","status":"publish","type":"post","link":"https:\/\/www.egemtv.com\/?p=68756","title":{"rendered":"K\u00fctahya\u2019da 688 bin 640 adet makaron ele ge\u00e7irildi"},"content":{"rendered":"<p>K\u00fctahya polisi taraf\u0131ndan d\u00fczenlenen operasyonda 688 bin 640 adet makaron ele ge\u00e7irildi.<br \/>\n<br \/>K\u00fctahya \u0130l Emniyet M\u00fcd\u00fcrl\u00fc\u011f\u00fc Ka\u00e7ak\u00e7\u0131l\u0131k ve Organize Su\u00e7larla M\u00fccadele \u015eube M\u00fcd\u00fcrl\u00fc\u011f\u00fc ekipleri, ka\u00e7ak\u00e7\u0131l\u0131k su\u00e7lar\u0131n\u0131n \u00f6nlenmesine y\u00f6nelik y\u00fcr\u00fct\u00fclen \u00e7al\u0131\u015fmalar kapsam\u0131nda makaron \u00fcretimi ve sat\u0131\u015f\u0131 yapan adreslere e\u015f zamanl\u0131 operasyon d\u00fczenledi. Operasyonda 2 i\u015f yeri, 1 depo, 4 ikamet ve 2 ara\u00e7ta arama ger\u00e7ekle\u015ftirildi. Yap\u0131lan aramalarda; 688 bin 640 adet dolu\/bo\u015f makaron, 342,3 kilogram t\u00fct\u00fcn, 2 adet sar\u0131m makinas\u0131, 38 bin 400 adet makaron sat\u0131\u015f\u0131nda kullan\u0131lan \u015feffaf po\u015fet, 310 adet bo\u015f t\u00fct\u00fcn paketi ele ge\u00e7irildi.<br \/>\n<br \/>Operasyon kapsam\u0131nda 4 \u015f\u00fcpheli hakk\u0131nda 5607 Say\u0131l\u0131 Ka\u00e7ak\u00e7\u0131l\u0131kla M\u00fccadele Kanunu \u00e7er\u00e7evesinde gerekli adli i\u015flemlere ba\u015flat\u0131ld\u0131\u011f\u0131 bildirildi.<br \/><\/p>\n","protected":false},"excerpt":{"rendered":"<p>K\u00fctahya polisi taraf\u0131ndan d\u00fczenlenen operasyonda 688 bin 640 adet makaron ele ge\u00e7irildi. K\u00fctahya \u0130l Emniyet M\u00fcd\u00fcrl\u00fc\u011f\u00fc Ka\u00e7ak\u00e7\u0131l\u0131k ve Organize Su\u00e7larla M\u00fccadele \u015eube M\u00fcd\u00fcrl\u00fc\u011f\u00fc ekipleri, ka\u00e7ak\u00e7\u0131l\u0131k su\u00e7lar\u0131n\u0131n \u00f6nlenmesine y\u00f6nelik y\u00fcr\u00fct\u00fclen \u00e7al\u0131\u015fmalar kapsam\u0131nda makaron \u00fcretimi ve sat\u0131\u015f\u0131 yapan adreslere e\u015f zamanl\u0131 operasyon d\u00fczenledi. Operasyonda 2 i\u015f yeri, 1 depo, 4 ikamet ve 2 ara\u00e7ta arama ger\u00e7ekle\u015ftirildi. Yap\u0131lan&#8230;<\/p>\n","protected":false},"author":1,"featured_media":68757,"comment_status":"open","ping_status":"open","sticky":false,"template":"","format":"standard","meta":{"_crdt_document":"","footnotes":""},"categories":[5],"tags":[],"class_list":["post-68756","post","type-post","status-publish","format-standard","has-post-thumbnail","hentry","category-asayis"],"_links":{"self":[{"href":"https:\/\/www.egemtv.com\/index.php?rest_route=\/wp\/v2\/posts\/68756","targetHints":{"allow":["GET"]}}],"collection":[{"href":"https:\/\/www.egemtv.com\/index.php?rest_route=\/wp\/v2\/posts"}],"about":[{"href":"https:\/\/www.egemtv.com\/index.php?rest_route=\/wp\/v2\/types\/post"}],"author":[{"embeddable":true,"href":"https:\/\/www.egemtv.com\/index.php?rest_route=\/wp\/v2\/users\/1"}],"replies":[{"embeddable":true,"href":"https:\/\/www.egemtv.com\/index.php?rest_route=%2Fwp%2Fv2%2Fcomments&post=68756"}],"version-history":[{"count":1,"href":"https:\/\/www.egemtv.com\/index.php?rest_route=\/wp\/v2\/posts\/68756\/revisions"}],"predecessor-version":[{"id":68758,"href":"https:\/\/www.egemtv.com\/index.php?rest_route=\/wp\/v2\/posts\/68756\/revisions\/68758"}],"wp:featuredmedia":[{"embeddable":true,"href":"https:\/\/www.egemtv.com\/index.php?rest_route=\/wp\/v2\/media\/68757"}],"wp:attachment":[{"href":"https:\/\/www.egemtv.com\/index.php?rest_route=%2Fwp%2Fv2%2Fmedia&parent=68756"}],"wp:term":[{"taxonomy":"category","embeddable":true,"href":"https:\/\/www.egemtv.com\/index.php?rest_route=%2Fwp%2Fv2%2Fcategories&post=68756"},{"taxonomy":"post_tag","embeddable":true,"href":"https:\/\/www.egemtv.com\/index.php?rest_route=%2Fwp%2Fv2%2Ftags&post=68756"}],"curies":[{"name":"wp","href":"https:\/\/api.w.org\/{rel}","templated":true}]}}