{"id":68750,"date":"2025-11-19T16:34:56","date_gmt":"2025-11-19T13:34:56","guid":{"rendered":"https:\/\/www.egemtv.com\/?p=68750"},"modified":"2025-11-19T16:34:57","modified_gmt":"2025-11-19T13:34:57","slug":"milasli-muhtarlar-growtech-2025-fuarina-katildi","status":"publish","type":"post","link":"https:\/\/www.egemtv.com\/?p=68750","title":{"rendered":"Milasl\u0131 Muhtarlar GrowTech 2025 Fuar\u0131\u2019na kat\u0131ld\u0131"},"content":{"rendered":"<p>Milas Muhtarlar Dan\u0131\u015fma Kurulu \u00fcyeleri, 18-21 Kas\u0131m 2025 tarihleri aras\u0131nda Antalya\u2019da d\u00fczenlenen T\u00fcrkiye\u2019nin en b\u00fcy\u00fck tar\u0131m fuarlar\u0131ndan biri olan Growtech Antalya 2025\u2019e kat\u0131larak, sekt\u00f6rdeki son teknolojik geli\u015fmeleri ve s\u00fcrd\u00fcr\u00fclebilir tar\u0131m uygulamalar\u0131n\u0131 yak\u0131ndan g\u00f6rme \u015fans\u0131n\u0131 buldu.<br \/>\n<br \/>Yenik\u00f6y Kemerk\u00f6y Enerji\u2019nin inisiyatifiyle zeytin a\u011fa\u00e7lar\u0131n\u0131n ta\u015f\u0131nmas\u0131 ve y\u00f6re halk\u0131na tahsisi s\u00fcre\u00e7lerini \u015feffaf bir \u015fekilde y\u00fcr\u00fctmek amac\u0131yla g\u00f6n\u00fcll\u00fck esas\u0131yla olu\u015fturulan Muhtarlar Dan\u0131\u015fma Kurulu\u2019nun \u00fcyeleri, T\u00fcrkiye\u2019nin lider tar\u0131m teknolojileri fuar\u0131 Growtech Antalya 2025\u2019i ziyaret etti. 18-21 Kas\u0131m tarihleri aras\u0131nda d\u00fczenlenen fuar, \u00f6rt\u00fc alt\u0131 tar\u0131m teknolojilerinden sulama sistemlerine, tohumculuktan bitki beslemeye kadar bir\u00e7ok yenili\u011fi ulusal ve uluslararas\u0131 kat\u0131l\u0131mc\u0131larla bulu\u015fturdu.<\/p>\n<p>Milasl\u0131 muhtarlar tar\u0131mda gelece\u011fi yerinde g\u00f6rd\u00fc<br \/>\n<br \/>Muhtarlar Dan\u0131\u015fma Kurulu s\u00f6zc\u00fcs\u00fc ve Karacaa\u011fa\u00e7 Muhtar\u0131 Dursun Uysal, Growtech\u2019e kat\u0131l\u0131m\u0131n b\u00f6lge i\u00e7in b\u00fcy\u00fck bir kazan\u0131m oldu\u011funu vurgulay\u0131p, &#8220;Fuarda modern sera teknolojilerini, verimli sulama sistemlerini ve yeni tar\u0131m trendlerini do\u011frudan g\u00f6zlemleme f\u0131rsat\u0131 bulduk. B\u00f6lgemiz tar\u0131m\u0131 i\u00e7in ilham verici fikirler edindik. Milasl\u0131 muhtarlar olarak, bu yeniliklerin k\u0131rsal alanda nas\u0131l uygulanabilece\u011fini g\u00f6rmek motivasyonumuzu art\u0131rd\u0131. Enerji \u015firketimizin deste\u011fiyle, tar\u0131mda hem verim hem de kaliteyi art\u0131rmak i\u00e7in somut ad\u0131mlar atabilece\u011fimizi d\u00fc\u015f\u00fcn\u00fcyorum&#8221; dedi.<\/p>\n<p>&#8220;Tar\u0131msal kalk\u0131nma, \u00fcretimin teknolojiyle desteklenmesiyle m\u00fcmk\u00fcn&#8221;<br \/>\n<br \/>Yenik\u00f6y Kemerk\u00f6y Enerji Genel M\u00fcd\u00fcr Yard\u0131mc\u0131s\u0131 Burak I\u015f\u0131k ise \u015firketin b\u00f6lgenin tar\u0131msal kalk\u0131nmas\u0131na verdi\u011fi stratejik deste\u011fi \u015f\u00f6yle a\u00e7\u0131klad\u0131:<br \/>\n<br \/>&#8220;T\u00fcrkiye\u2019de tar\u0131msal \u00fcretimin \u00f6nemli sorunlar\u0131ndan biri de arazi \u00f6l\u00e7eklerinin k\u00fc\u00e7\u00fck olmas\u0131. Bu nedenle toplula\u015ft\u0131rma tar\u0131msal \u00fcretimin ve gelirlerin artmas\u0131 i\u00e7in kritik \u00f6nem ta\u015f\u0131yor. Maden sahalar\u0131m\u0131zdan zeytin a\u011fa\u00e7lar\u0131n\u0131 ta\u015f\u0131man\u0131n yan\u0131 s\u0131ra yeni dikilecek fidanlarla 100 bin a\u011fac\u0131 bulan toplula\u015ft\u0131r\u0131lm\u0131\u015f bir zeytin sahas\u0131 elde edece\u011fiz. Buras\u0131, Muhtarlar Dan\u0131\u015fma Kurulu\u2019nun arac\u0131l\u0131\u011f\u0131yla modern tar\u0131m\u0131n yap\u0131laca\u011f\u0131, gelirinin b\u00f6lge halk\u0131na kalaca\u011f\u0131 T\u00fcrkiye\u2019de \u00f6rnek bir model olacak. \u00c7ift\u00e7ilerimize verdi\u011fimiz bu destek \u015firketimizin stratejik \u00f6nceliklerinden biridir. Growtech gibi d\u00fcnya \u00e7ap\u0131nda bir fuar\u0131 muhataralar\u0131m\u0131zla ziyaret etmek, bu hedeflerimize ula\u015fmak i\u00e7in \u00f6nemli bir f\u0131rsat sa\u011flad\u0131&#8221;<br \/><\/p>\n","protected":false},"excerpt":{"rendered":"<p>Milas Muhtarlar Dan\u0131\u015fma Kurulu \u00fcyeleri, 18-21 Kas\u0131m 2025 tarihleri aras\u0131nda Antalya\u2019da d\u00fczenlenen T\u00fcrkiye\u2019nin en b\u00fcy\u00fck tar\u0131m fuarlar\u0131ndan biri olan Growtech Antalya 2025\u2019e kat\u0131larak, sekt\u00f6rdeki son teknolojik geli\u015fmeleri ve s\u00fcrd\u00fcr\u00fclebilir tar\u0131m uygulamalar\u0131n\u0131 yak\u0131ndan g\u00f6rme \u015fans\u0131n\u0131 buldu. Yenik\u00f6y Kemerk\u00f6y Enerji\u2019nin inisiyatifiyle zeytin a\u011fa\u00e7lar\u0131n\u0131n ta\u015f\u0131nmas\u0131 ve y\u00f6re halk\u0131na tahsisi s\u00fcre\u00e7lerini \u015feffaf bir \u015fekilde y\u00fcr\u00fctmek amac\u0131yla g\u00f6n\u00fcll\u00fck esas\u0131yla olu\u015fturulan&#8230;<\/p>\n","protected":false},"author":1,"featured_media":68751,"comment_status":"open","ping_status":"open","sticky":false,"template":"","format":"standard","meta":{"_crdt_document":"","footnotes":""},"categories":[1],"tags":[],"class_list":["post-68750","post","type-post","status-publish","format-standard","has-post-thumbnail","hentry","category-guncel"],"_links":{"self":[{"href":"https:\/\/www.egemtv.com\/index.php?rest_route=\/wp\/v2\/posts\/68750","targetHints":{"allow":["GET"]}}],"collection":[{"href":"https:\/\/www.egemtv.com\/index.php?rest_route=\/wp\/v2\/posts"}],"about":[{"href":"https:\/\/www.egemtv.com\/index.php?rest_route=\/wp\/v2\/types\/post"}],"author":[{"embeddable":true,"href":"https:\/\/www.egemtv.com\/index.php?rest_route=\/wp\/v2\/users\/1"}],"replies":[{"embeddable":true,"href":"https:\/\/www.egemtv.com\/index.php?rest_route=%2Fwp%2Fv2%2Fcomments&post=68750"}],"version-history":[{"count":1,"href":"https:\/\/www.egemtv.com\/index.php?rest_route=\/wp\/v2\/posts\/68750\/revisions"}],"predecessor-version":[{"id":68752,"href":"https:\/\/www.egemtv.com\/index.php?rest_route=\/wp\/v2\/posts\/68750\/revisions\/68752"}],"wp:featuredmedia":[{"embeddable":true,"href":"https:\/\/www.egemtv.com\/index.php?rest_route=\/wp\/v2\/media\/68751"}],"wp:attachment":[{"href":"https:\/\/www.egemtv.com\/index.php?rest_route=%2Fwp%2Fv2%2Fmedia&parent=68750"}],"wp:term":[{"taxonomy":"category","embeddable":true,"href":"https:\/\/www.egemtv.com\/index.php?rest_route=%2Fwp%2Fv2%2Fcategories&post=68750"},{"taxonomy":"post_tag","embeddable":true,"href":"https:\/\/www.egemtv.com\/index.php?rest_route=%2Fwp%2Fv2%2Ftags&post=68750"}],"curies":[{"name":"wp","href":"https:\/\/api.w.org\/{rel}","templated":true}]}}