{"id":68741,"date":"2025-11-19T16:15:14","date_gmt":"2025-11-19T13:15:14","guid":{"rendered":"https:\/\/www.egemtv.com\/?p=68741"},"modified":"2025-11-19T16:15:15","modified_gmt":"2025-11-19T13:15:15","slug":"karsiyakadaki-kacak-iskeleler-yikiliyor","status":"publish","type":"post","link":"https:\/\/www.egemtv.com\/?p=68741","title":{"rendered":"Kar\u015f\u0131yaka\u2019daki ka\u00e7ak iskeleler y\u0131k\u0131l\u0131yor"},"content":{"rendered":"<p>Kar\u015f\u0131yaka sahilinde K\u0131y\u0131 ve \u0130mar Kanunu\u2019na ayk\u0131r\u0131 \u015fekilde in\u015fa edilen izinsiz platform ve ah\u015fap iskelelerin y\u0131k\u0131m\u0131na ba\u015fland\u0131.<\/p>\n<p>\u0130zmir B\u00fcy\u00fck\u015fehir Belediyesi Hem\u015fehri \u0130leti\u015fim Merkezi (H\u0130M) ve Cumhurba\u015fkanl\u0131\u011f\u0131 \u0130leti\u015fim Merkezi\u2019ne (C\u0130MER) yap\u0131lan ba\u015fvurular do\u011frultusunda, Bostanl\u0131 Bal\u0131k\u00e7\u0131 Bar\u0131na\u011f\u0131 ile Deniz Kafe aras\u0131nda kalan k\u0131y\u0131 b\u00f6l\u00fcm\u00fcnde K\u0131y\u0131 Kanunu ve \u0130mar Kanunu\u2019nun ilgili y\u00f6netmeliklerine ayk\u0131r\u0131 \u015fekilde izinsiz yap\u0131lan platformlar ve ah\u015fap iskeleler kald\u0131r\u0131l\u0131yor. Bu b\u00f6lgede olu\u015fturulan d\u00fczeneklerin \u00fczerine masa konulmak suretiyle \u00f6zellikle geceleri izinsiz ticari faaliyetlerin ger\u00e7ekle\u015ftirilmesi ve \u00e7evrede ya\u015fayan vatanda\u015flar\u0131n \u015fikayetleri do\u011frultusunda harekete ge\u00e7ildi. Belediyeye ba\u011fl\u0131 Yap\u0131 Kontrol Dairesi Ba\u015fkanl\u0131\u011f\u0131 koordinesindeki ekiplerin tespitleri \u00e7er\u00e7evesinde y\u0131k\u0131mlar ba\u015flad\u0131.<\/p>\n<p>Yetkililer, mevzuat kapsam\u0131nda Kar\u015f\u0131yaka Kaymakaml\u0131\u011f\u0131, Sahil G\u00fcvenlik Komutanl\u0131\u011f\u0131, \u0130l\u00e7e Emniyet M\u00fcd\u00fcrl\u00fc\u011f\u00fc, Liman Dairesi Ba\u015fkanl\u0131\u011f\u0131 ve ilgili birimlerin temsilcileri ile toplant\u0131 yaparak i\u015flem hakk\u0131nda bilgilendirmede bulundu.<\/p>\n<p>Karar s\u00fcreci hakk\u0131nda<br \/>\n<br \/>3621 say\u0131l\u0131 K\u0131y\u0131 Kanunu ve ilgili Y\u00f6netmelik ile 3194 say\u0131l\u0131 \u0130mar Kanunu h\u00fck\u00fcmlerine ayk\u0131r\u0131 olarak in\u015fa edildi\u011fi tespit edilen izinsiz iskele ve beton platformlar\u0131n, B\u00fcy\u00fck\u015fehir Belediyesi Enc\u00fcmeni\u2019nin karar\u0131 775 say\u0131l\u0131 Gecekondu Kanunu\u2019nun 18. maddesi uyar\u0131nca, belediye s\u0131n\u0131rlar\u0131 i\u00e7inde veya d\u0131\u015f\u0131nda kamuya veya devlete ait ta\u015f\u0131nmazlar \u00fczerinde in\u015fa edilen izinsiz yap\u0131lar\u0131n belediyelerce al\u0131nacak karar do\u011frultusunda tebli\u011f s\u00fcreci tamamlanarak y\u0131kt\u0131r\u0131lmas\u0131 h\u00fckm\u00fcne uygun olarak kald\u0131r\u0131lmas\u0131na karar verilmi\u015fti.<br \/><\/p>\n","protected":false},"excerpt":{"rendered":"<p>Kar\u015f\u0131yaka sahilinde K\u0131y\u0131 ve \u0130mar Kanunu\u2019na ayk\u0131r\u0131 \u015fekilde in\u015fa edilen izinsiz platform ve ah\u015fap iskelelerin y\u0131k\u0131m\u0131na ba\u015fland\u0131. \u0130zmir B\u00fcy\u00fck\u015fehir Belediyesi Hem\u015fehri \u0130leti\u015fim Merkezi (H\u0130M) ve Cumhurba\u015fkanl\u0131\u011f\u0131 \u0130leti\u015fim Merkezi\u2019ne (C\u0130MER) yap\u0131lan ba\u015fvurular do\u011frultusunda, Bostanl\u0131 Bal\u0131k\u00e7\u0131 Bar\u0131na\u011f\u0131 ile Deniz Kafe aras\u0131nda kalan k\u0131y\u0131 b\u00f6l\u00fcm\u00fcnde K\u0131y\u0131 Kanunu ve \u0130mar Kanunu\u2019nun ilgili y\u00f6netmeliklerine ayk\u0131r\u0131 \u015fekilde izinsiz yap\u0131lan platformlar ve&#8230;<\/p>\n","protected":false},"author":1,"featured_media":68742,"comment_status":"open","ping_status":"open","sticky":false,"template":"","format":"standard","meta":{"_crdt_document":"","footnotes":""},"categories":[1],"tags":[],"class_list":["post-68741","post","type-post","status-publish","format-standard","has-post-thumbnail","hentry","category-guncel"],"_links":{"self":[{"href":"https:\/\/www.egemtv.com\/index.php?rest_route=\/wp\/v2\/posts\/68741","targetHints":{"allow":["GET"]}}],"collection":[{"href":"https:\/\/www.egemtv.com\/index.php?rest_route=\/wp\/v2\/posts"}],"about":[{"href":"https:\/\/www.egemtv.com\/index.php?rest_route=\/wp\/v2\/types\/post"}],"author":[{"embeddable":true,"href":"https:\/\/www.egemtv.com\/index.php?rest_route=\/wp\/v2\/users\/1"}],"replies":[{"embeddable":true,"href":"https:\/\/www.egemtv.com\/index.php?rest_route=%2Fwp%2Fv2%2Fcomments&post=68741"}],"version-history":[{"count":1,"href":"https:\/\/www.egemtv.com\/index.php?rest_route=\/wp\/v2\/posts\/68741\/revisions"}],"predecessor-version":[{"id":68743,"href":"https:\/\/www.egemtv.com\/index.php?rest_route=\/wp\/v2\/posts\/68741\/revisions\/68743"}],"wp:featuredmedia":[{"embeddable":true,"href":"https:\/\/www.egemtv.com\/index.php?rest_route=\/wp\/v2\/media\/68742"}],"wp:attachment":[{"href":"https:\/\/www.egemtv.com\/index.php?rest_route=%2Fwp%2Fv2%2Fmedia&parent=68741"}],"wp:term":[{"taxonomy":"category","embeddable":true,"href":"https:\/\/www.egemtv.com\/index.php?rest_route=%2Fwp%2Fv2%2Fcategories&post=68741"},{"taxonomy":"post_tag","embeddable":true,"href":"https:\/\/www.egemtv.com\/index.php?rest_route=%2Fwp%2Fv2%2Ftags&post=68741"}],"curies":[{"name":"wp","href":"https:\/\/api.w.org\/{rel}","templated":true}]}}