{"id":68738,"date":"2025-11-19T16:15:13","date_gmt":"2025-11-19T13:15:13","guid":{"rendered":"https:\/\/www.egemtv.com\/?p=68738"},"modified":"2025-11-19T16:15:14","modified_gmt":"2025-11-19T13:15:14","slug":"denizlili-kadin-girisimciler-dtoda-bir-araya-geldi","status":"publish","type":"post","link":"https:\/\/www.egemtv.com\/?p=68738","title":{"rendered":"Denizlili kad\u0131n giri\u015fimciler DTO\u2019da bir araya geldi"},"content":{"rendered":"<p>Denizli Ticaret Odas\u0131\u2019n\u0131n (DTO) koordinat\u00f6rl\u00fc\u011f\u00fcnde ki Sanayide Kad\u0131n Eli Projesi kapsam\u0131nda e\u011fitim program\u0131 d\u00fczenlendi. E\u011fitim kad\u0131n giri\u015fimcilerin kat\u0131l\u0131mlar\u0131yla ger\u00e7ekle\u015ftirildi.<br \/>\n<br \/>Denizli Ticaret Odas\u0131\u2019n\u0131n (DTO) koordinat\u00f6rl\u00fc\u011f\u00fcndeki T\u00fcrkiye Odalar ve Borsalar Birli\u011fi (TOBB) Denizli \u0130l Kad\u0131n Giri\u015fimciler Kurulu\u2019nun (GGK), Habitat Derne\u011fi\u2019nin i\u015f birli\u011fiyle, Sanayide Kad\u0131n Eli Projesi\u2019nin kapsam\u0131nda d\u00fczenledi\u011fi e\u011fitim program\u0131, kad\u0131n giri\u015fimcilerin kat\u0131l\u0131mlar\u0131yla ger\u00e7ekle\u015ftirildi. DTO konferans salonunda yap\u0131lan etkinlik, ba\u015fta Gazi Mustafa Kemal Atat\u00fcrk ve silah arkada\u015flar\u0131 olmak \u00fczere, kahraman \u015fehitler ile art\u0131k hayatta olmayan gazilerin aziz hat\u0131ralar\u0131 i\u00e7in 1 dakikal\u0131k sayg\u0131 duru\u015funda bulunulmas\u0131, hemen akabinde de \u0130stiklal Mar\u015f\u0131\u2019n\u0131n okunmas\u0131yla ba\u015flad\u0131.<br \/>\n<br \/>\u0130lk konu\u015fmay\u0131, ev sahibi olarak DTO Y\u00f6netim Kurulu Ba\u015fkan Yard\u0131mc\u0131s\u0131 Melek Kartay yapt\u0131. Kartay, \u015fehir d\u0131\u015f\u0131ndan da kat\u0131l\u0131m\u0131n oldu\u011funu hat\u0131rlatt\u0131\u011f\u0131 organizasyona Ticaret Odas\u0131 olarak ev sahipli\u011fi yapmaktan duyduklar\u0131 memnuniyeti dile getirdi. &#8220;Burada kad\u0131n kad\u0131na, biz bizeyiz&#8230; Kad\u0131n kad\u0131n\u0131n kurdu de\u011fil yurdudur. Sanayide kad\u0131n elinden bahsediyoruz. Kendi kendimize anlat\u0131yoruz, bunu hep konu\u015fuyoruz. Fakat d\u0131\u015far\u0131ya anlatmaya da ihtiyac\u0131m\u0131z var. 100 y\u0131ll\u0131k Denizli Ticaret Odas\u0131\u2019n\u0131n ilk y\u00f6netim kurulu ba\u015fkan vekili olmaktan gururluyum ama bir yandan da daha \u00f6nce kad\u0131n y\u00f6netim kurulu vekili olmamas\u0131 sebebiyle hay\u0131flan\u0131yorum. Belki imkanlar\u0131 olmad\u0131 belki de imkan verilmedi ya da kad\u0131nlar bu konuda ad\u0131m atmad\u0131. Hayat\u0131m\u0131z kolay de\u011fil. Hem kad\u0131n\u0131z hem anneyiz hem de e\u015fiz. Asl\u0131nda bakarsak ne kadar da g\u00fc\u00e7l\u00fcy\u00fcz&#8221; dedi.<br \/>\n<br \/>Etkinlik, Kartay\u2019\u0131n k\u0131sa ho\u015f geldiniz konu\u015fmas\u0131n\u0131n ard\u0131ndan organizasyonunun ev sahibi DTO\u2019nun koordinat\u00f6r\u00fc oldu\u011fu TOBB Denizli KGK \u0130l \u0130cra Kurulu Ba\u015fkan\u0131 Ayla Ta\u015f\u00e7\u0131o\u011flu\u2019nun a\u00e7\u0131\u015f konu\u015fmas\u0131yla devam etti. Ta\u015f\u00e7\u0131o\u011flu, t\u00fcm organizasyonlar\u0131nda deste\u011fini g\u00f6rd\u00fcklerini belirtti\u011fi Denizli Ticaret Odas\u0131 Ba\u015fkan\u0131 U\u011fur Erdo\u011fan\u2019a yakla\u015f\u0131m\u0131ndan dolay\u0131 te\u015fekk\u00fcr etti. Ta\u015f\u00e7\u0131o\u011flu, &#8220;Bu proje asl\u0131nda kad\u0131n eme\u011finin, akl\u0131n\u0131n ve kararl\u0131l\u0131\u011f\u0131n\u0131n bir araya geldi\u011fi bir d\u00f6n\u00fc\u015f\u00fcm hikayesidir. Ad\u0131 gibi g\u00fc\u00e7l\u00fc bir anlam ta\u015f\u0131yor. Uzun y\u0131llar bizlere toplumsal roller bi\u00e7ildi. Kad\u0131nsan evinde olmal\u0131s\u0131n, kad\u0131nsan a\u011f\u0131r i\u015f yapamazs\u0131n, kad\u0131nsan teknoloji ile ne i\u015fin olur gibi Ama biz \u015funu biliyoruz ki kad\u0131nsak yapar\u0131z, \u00fcretiriz, yenilik getiririz ve de\u011fi\u015ftiririz. Ben inan\u0131yorum ki bu salonun i\u00e7indeki her kad\u0131n bir di\u011ferine \u0131\u015f\u0131k olacak ve biz kad\u0131nsan yapars\u0131n demekle kalmayacak kad\u0131nsan ba\u015far\u0131rs\u0131n diyecek bir gelece\u011fi hep birlikte in\u015fa edece\u011fiz&#8221; diye konu\u015ftu.<br \/>\n<br \/>Ankara\u2019dan etkinli\u011fe kat\u0131lan TOBB KGK Ba\u015fkan Yard\u0131mc\u0131s\u0131 Fatma Aydo\u011fdu da k\u0131sa bir konu\u015fmayla davetlilere seslendi. Aydo\u011fdu, &#8220;\u00dcretimin kalbindeki, eme\u011fin ve vizyonun bulu\u015ftu\u011fu Denizli\u2019ye, ilk kez geldim; sizlerle bir arada olmaktan mutluyum. Kad\u0131n olmak sanayide olmak zor ama biz de bunu talep etmeliyiz. Avrupa \u00fclkelerinde 100 kad\u0131ndan 60\u2019\u0131 \u00e7al\u0131\u015fma hayat\u0131ndayken \u00fclkemizde bu oran y\u00fczde 32\u2019i. \u00dclkemizde 30 milyon kad\u0131ndan 10 milyonunu i\u015f g\u00fcc\u00fcne dahil edebilirsek 25 milyon dolar da kazan\u00e7 sa\u011flam\u0131\u015f olaca\u011f\u0131z. Uygun \u00e7al\u0131\u015fma \u015fartlar\u0131n\u0131 olu\u015fturuldu\u011funda, kad\u0131nlar\u0131n ba\u015faramayaca\u011f\u0131 hi\u00e7bir \u015fey yok. Pilot il olarak projemiz K\u00fctahya\u2019da ba\u015flam\u0131\u015ft\u0131. \u015eu anda Simav Otomotiv Sanayinde y\u00fczde 40 oran\u0131nda kad\u0131n \u00e7al\u0131\u015fan var. Tav\u015fanl\u0131\u2019da da 6 bin kad\u0131n istihdam\u0131 sa\u011fland\u0131. Ekonomik \u00f6zg\u00fcrl\u00fc\u011f\u00fcn\u00fc alan kad\u0131n\u0131n giri\u015fimcilik yolunu da a\u00e7m\u0131\u015f oluyoruz. \u00d6ncelikle kad\u0131nlar\u0131m\u0131z\u0131 evlerden \u00e7\u0131karmam\u0131z, d\u00f6n\u00fc\u015ft\u00fcrmemiz gerekiyor. \u00c7\u00fcnk\u00fc \u00e7al\u0131\u015fma hayat\u0131na at\u0131lan kad\u0131nlar\u0131m\u0131z\u0131n hayata bak\u0131\u015f a\u00e7\u0131s\u0131 de\u011fi\u015fiyor. Mesle\u011fin cinsiyeti olmaz. Denizli\u2019de de projemizin b\u00fcy\u00fck ba\u015far\u0131ya ula\u015faca\u011f\u0131na eminiz&#8221; \u015feklinde konu\u015ftu.<br \/>\n<br \/>Daha sonra davetliler aras\u0131nda bulunan Bozkurt Belediye Ba\u015fkan\u0131 Birsen \u00c7elik ile Merkezefendi Belediye Ba\u015fkan\u0131 \u015eeniz Do\u011fan da k\u0131sa birer konu\u015fma yapmak \u00fczere k\u00fcrs\u00fcye geldi. Bozkurt Belediye Ba\u015fkan\u0131 \u00c7elik, &#8220;Kad\u0131nsan m\u00fccadelecisin ve g\u00fc\u00e7l\u00fcs\u00fcnd\u00fcr. M\u00fccadele, bizim karakterimizde var. Buradaki m\u00fccadeleci han\u0131mlar\u0131n \u00f6n\u00fcnde sayg\u0131yla ve sevgiyle e\u011filiyorum. G\u00fczel bir program ba\u015fl\u0131yor; Denizli\u2019de Sanayide Kad\u0131n Eli\u2019nin e\u011fitimlerini yaparak \u00e7ok g\u00fczel bir i\u015fe vesile olmu\u015flar. Bunu hayata ge\u00e7irenlerin ellerine sa\u011fl\u0131k. Kad\u0131nlar\u0131n sanayide, teknolojide, toplumda ve \u00fcretimin her alan\u0131nda g\u00fc\u00e7l\u00fc bir \u015fekilde var olmas\u0131 gereken bir \u00e7a\u011fday\u0131z. Var olmal\u0131y\u0131z ki ilerleyebilelim, Denizli \u00f6rnek g\u00f6sterilen bir il olsun. Kad\u0131n\u0131n dokundu\u011fu her i\u015f b\u00fcy\u00fcr geli\u015fir, de\u011fer kazan\u0131r. Bunu \u00f6ncelikle kad\u0131nlar olarak bizim i\u00e7imize sindirmemiz laz\u0131m&#8221; dedi.<br \/>\n<br \/>Ba\u015fkan Do\u011fan, &#8220;Kad\u0131n mutlu olunca toplum da mutlu olur&#8221;<br \/>\n<br \/>Konu\u015fmas\u0131nda kad\u0131n\u0131n \u00fcretime kat\u0131lmas\u0131n\u0131n \u00f6nemini vurgulayan Merkezefendi Belediye Ba\u015fkan\u0131 Do\u011fan da kad\u0131n\u0131n mutlu oldu\u011fu toplumlar\u0131n da mutlu oldu\u011funu s\u00f6yledi. Belediye Ba\u015fkan\u0131 Do\u011fan, &#8220;Kad\u0131n \u00fcretimin i\u00e7inde olursa, mutlu olursa, \u00f6zg\u00fcr olursa ve kad\u0131n ayd\u0131nlan\u0131rsa evdeki \u00e7ocuklar\u0131 da ayd\u0131nlatacak toplumu da ayd\u0131nlatacakt\u0131r. Mutlu aileler de refah toplumlar\u0131 getirecek. Onun i\u00e7in kad\u0131n\u0131 \u00e7al\u0131\u015ft\u0131rmaya \u00f6zendirmeli ve te\u015fvik etmeliyiz. Bu konudaki i\u015f birlikleri i\u00e7in Denizli Ticaret Odam\u0131za da \u00e7ok te\u015fekk\u00fcr ediyoruz. Bu \u015fehir \u00fcreten katma de\u011feri olan \u00e7ok te\u015fvik almayan kendi kendine yetebilen bir \u015fehir. Bizler kararl\u0131 olursak a\u015famayaca\u011f\u0131m\u0131z hi\u00e7bir \u015fey yok. Kad\u0131n\u0131n i\u00e7inde oldu\u011fu her \u015fey beni \u00e7ok heyecanland\u0131r\u0131yor. Kad\u0131n\u0131n i\u00e7inde oldu\u011fu her \u015feyde biz de var\u0131z. Bu konuda emek veren herkese te\u015fekk\u00fcr ediyoruz&#8221; dedi.<br \/>\n<br \/>3 g\u00fcnl\u00fck etkinlik cuma g\u00fcn\u00fc sona erecek<br \/>\n<br \/>\u00dc\u00e7 g\u00fcn s\u00fcrecek olan ve kad\u0131n giri\u015fimcilerin \u00f6rnek ba\u015far\u0131 hikayelerine de yer verilecek olan e\u011fitim program\u0131n\u0131n ilk g\u00fcn\u00fcn\u00fcn ikinci yar\u0131s\u0131, protokol \u00fcyelerinin konu\u015fmalar\u0131n\u0131n ard\u0131ndan ger\u00e7ekle\u015ftirilen &#8220;Ba\u015far\u0131 Hikayeleri: Kad\u0131n Giri\u015fimcili\u011fi&#8221; ba\u015fl\u0131kl\u0131 ilk panel ile devam etti. Pamukkale \u00dcniversitesi (PA\u00dc) \u0130ktisadi \u0130dari Bilimler Fak\u00fcltesi Prof. Dr. Sabahat Bayrak K\u00f6k\u2019\u00fcn moderat\u00f6rl\u00fc\u011f\u00fcnde \u00f6rnek kad\u0131n giri\u015fimcilerden panelistler \u00c7isem Sar\u0131kaya, Melike Konyal\u0131o\u011flu, Fatma \u00c7elikkol Yavuzer, Zeynep Demircio\u011flu, Ay\u015fen Do\u011frar ve Filiz I\u015f\u0131kta\u015f, davetlilerin kar\u015f\u0131s\u0131na \u00e7\u0131kt\u0131.<br \/>\n<br \/>Ba\u015fkan Erdo\u011fan\u2019a, desteklerinden dolay\u0131 te\u015fekk\u00fcr ettiler<br \/>\n<br \/>Etkinli\u011fin ilk g\u00fcn\u00fcn\u00fcn ilk yar\u0131s\u0131, organizasyonun an\u0131s\u0131na \u00e7ektirilen toplu foto\u011fraf karesi ile sona ererken protokol \u00fcyeleri daha sonra DTO Y\u00f6netim Kurulu Ba\u015fkan\u0131 U\u011fur Erdo\u011fan\u2019\u0131 da ziyaret ederek kad\u0131n giri\u015fimcilere verdi\u011fi destekten dolay\u0131 te\u015fekk\u00fcr etti. Ba\u015fkanl\u0131k makam\u0131ndaki g\u00f6r\u00fc\u015fme renkli g\u00f6r\u00fcnt\u00fcler ile sohbetlere sahne olurken Ba\u015fkan Erdo\u011fan, konuklar\u0131na DTO olarak her zaman kad\u0131nlar\u0131n yan\u0131nda olmaya devam edeceklerini s\u00f6yledi. Erdo\u011fan, &#8220;Kad\u0131nlar\u0131m\u0131z, toplumumuzun hayat kayna\u011f\u0131d\u0131rlar T\u00fcrk Kad\u0131n\u0131; \u00fcretendir, b\u00fcy\u00fctendir, geli\u015ftirendir. Cepheden \u00fclke idaresine, evinden i\u015f yerine kadar toplumun t\u00fcm a\u015famalar\u0131nda \u00f6rnek giri\u015fimcidir. Onun bu e\u015fsiz meziyeti, Milli M\u00fccadelemize de yans\u0131m\u0131\u015f ve bize istiklalimizi kazand\u0131rm\u0131\u015ft\u0131r. Sosyal hayat\u0131n olmazsa olmazlar\u0131 olarak g\u00f6rd\u00fc\u011f\u00fcm\u00fcz kad\u0131nlar\u0131m\u0131za, emekleri ve \u00fclkemize katk\u0131lar\u0131 i\u00e7in te\u015fekk\u00fcr ederiz. Bug\u00fcnk\u00fc ilgi ve kat\u0131l\u0131mlar\u0131ndan dolay\u0131 da kad\u0131n giri\u015fimcilerimize ve siz de\u011ferli ba\u015fkanlar\u0131m\u0131za da m\u00fcte\u015fekkiriz&#8221; dedi.<br \/>\n<br \/>Ziyarette, TOBB Denizli Gen\u00e7 Giri\u015fimciler Kurulu (GGK) \u0130l \u0130cra Kurulu Ba\u015fkan\u0131 ve DTO Meclis \u00dcyesi Bekir \u00c7ak\u0131r da yer ald\u0131.<br \/>\n<br \/>\u0130\u015f Modeli ve Finansal Okuryazarl\u0131k anlat\u0131ld\u0131<br \/>\n<br \/>Etkinlik \u00f6\u011fleden sonra ise e\u011fitim program\u0131 ile devam etti. Habitat Kapsay\u0131c\u0131 B\u00fcy\u00fcme Program\u0131 Proje Asistan\u0131 Zeynep Ramazan, \u0130\u015f Modeli ve Finansal Okuryazarl\u0131k ba\u015fl\u0131\u011f\u0131 alt\u0131nda i\u015f modeli kanvas\u0131, finansal okuryazarl\u0131\u011f\u0131n temel kavramlar\u0131, gelir, gider ve kaynak kullan\u0131m\u0131, gelir gider y\u00f6netimi, b\u00fct\u00e7e kontrol\u00fc ve yat\u0131r\u0131m karar\u0131 alma s\u00fcreci \u00fczerine sunumunda &#8220;\u0130\u015f modelleri nedir ve neden gereklidir?&#8221; ile &#8220;Finansal okuryazarl\u0131k nedir?&#8221; konular\u0131n\u0131 anlatt\u0131. Kat\u0131l\u0131mc\u0131lar\u0131n sorular\u0131n\u0131 yan\u0131tlad\u0131.<br \/><\/p>\n","protected":false},"excerpt":{"rendered":"<p>Denizli Ticaret Odas\u0131\u2019n\u0131n (DTO) koordinat\u00f6rl\u00fc\u011f\u00fcnde ki Sanayide Kad\u0131n Eli Projesi kapsam\u0131nda e\u011fitim program\u0131 d\u00fczenlendi. E\u011fitim kad\u0131n giri\u015fimcilerin kat\u0131l\u0131mlar\u0131yla ger\u00e7ekle\u015ftirildi. Denizli Ticaret Odas\u0131\u2019n\u0131n (DTO) koordinat\u00f6rl\u00fc\u011f\u00fcndeki T\u00fcrkiye Odalar ve Borsalar Birli\u011fi (TOBB) Denizli \u0130l Kad\u0131n Giri\u015fimciler Kurulu\u2019nun (GGK), Habitat Derne\u011fi\u2019nin i\u015f birli\u011fiyle, Sanayide Kad\u0131n Eli Projesi\u2019nin kapsam\u0131nda d\u00fczenledi\u011fi e\u011fitim program\u0131, kad\u0131n giri\u015fimcilerin kat\u0131l\u0131mlar\u0131yla ger\u00e7ekle\u015ftirildi. DTO konferans salonunda&#8230;<\/p>\n","protected":false},"author":1,"featured_media":68739,"comment_status":"open","ping_status":"open","sticky":false,"template":"","format":"standard","meta":{"_crdt_document":"","footnotes":""},"categories":[125],"tags":[],"class_list":["post-68738","post","type-post","status-publish","format-standard","has-post-thumbnail","hentry","category-ekonomi"],"_links":{"self":[{"href":"https:\/\/www.egemtv.com\/index.php?rest_route=\/wp\/v2\/posts\/68738","targetHints":{"allow":["GET"]}}],"collection":[{"href":"https:\/\/www.egemtv.com\/index.php?rest_route=\/wp\/v2\/posts"}],"about":[{"href":"https:\/\/www.egemtv.com\/index.php?rest_route=\/wp\/v2\/types\/post"}],"author":[{"embeddable":true,"href":"https:\/\/www.egemtv.com\/index.php?rest_route=\/wp\/v2\/users\/1"}],"replies":[{"embeddable":true,"href":"https:\/\/www.egemtv.com\/index.php?rest_route=%2Fwp%2Fv2%2Fcomments&post=68738"}],"version-history":[{"count":1,"href":"https:\/\/www.egemtv.com\/index.php?rest_route=\/wp\/v2\/posts\/68738\/revisions"}],"predecessor-version":[{"id":68740,"href":"https:\/\/www.egemtv.com\/index.php?rest_route=\/wp\/v2\/posts\/68738\/revisions\/68740"}],"wp:featuredmedia":[{"embeddable":true,"href":"https:\/\/www.egemtv.com\/index.php?rest_route=\/wp\/v2\/media\/68739"}],"wp:attachment":[{"href":"https:\/\/www.egemtv.com\/index.php?rest_route=%2Fwp%2Fv2%2Fmedia&parent=68738"}],"wp:term":[{"taxonomy":"category","embeddable":true,"href":"https:\/\/www.egemtv.com\/index.php?rest_route=%2Fwp%2Fv2%2Fcategories&post=68738"},{"taxonomy":"post_tag","embeddable":true,"href":"https:\/\/www.egemtv.com\/index.php?rest_route=%2Fwp%2Fv2%2Ftags&post=68738"}],"curies":[{"name":"wp","href":"https:\/\/api.w.org\/{rel}","templated":true}]}}