{"id":68735,"date":"2025-11-19T16:15:13","date_gmt":"2025-11-19T13:15:13","guid":{"rendered":"https:\/\/www.egemtv.com\/?p=68735"},"modified":"2025-11-19T16:15:13","modified_gmt":"2025-11-19T13:15:13","slug":"kadin-soforun-kullandigi-otobusun-onunu-kesen-genc-maganda-ilan-edilmesine-tepki-gosterdi","status":"publish","type":"post","link":"https:\/\/www.egemtv.com\/?p=68735","title":{"rendered":"Kad\u0131n \u015fof\u00f6r\u00fcn kulland\u0131\u011f\u0131 otob\u00fcs\u00fcn \u00f6n\u00fcn\u00fc kesen gen\u00e7, &#8220;maganda&#8221; ilan edilmesine tepki g\u00f6sterdi"},"content":{"rendered":"<p>Isparta\u2019da kad\u0131n otob\u00fcs \u015fof\u00f6r\u00fc ile bir \u00fcniversite \u00f6\u011frencisi aras\u0131nda yol verme nedeniyle \u00e7\u0131kan tart\u0131\u015fma k\u0131sa s\u00fcrede b\u00fcy\u00fcd\u00fc. Olay sonras\u0131 yay\u0131lan g\u00f6r\u00fcnt\u00fcler nedeniyle tepki \u00e7eken 25 ya\u015f\u0131ndaki Mustafa K\u00f6seda\u011f, &#8220;Ben sadece bir \u00fcniversite \u00f6\u011frencisiyim, maganda de\u011filim. \u015eof\u00f6r\u00fcn tehlikeli ara\u00e7 kullanmas\u0131 nedeniyle onu uyarmak istedim ancak bana a\u011f\u0131r hakaretler etti. E\u011fer o an \u00f6z\u00fcr dileseydi yoluma devam edecektim. Ama \u015fimdi insanlar\u0131n beni maganda ilan etmesi, tek bir \u00f6z\u00fcrle \u00e7\u00f6z\u00fclecek bir durum de\u011fil&#8221; dedi.<br \/>\n<br \/>Olay, 12 Kas\u0131m \u00c7ar\u015famba g\u00fcn\u00fc Bah\u00e7elievler Mahallesi 102\u2019nci Cadde\u2019de meydana geldi. Edinilen bilgiye g\u00f6re, otob\u00fcs \u015fof\u00f6r\u00fc P\u0131nar Ko\u00e7aktok (47) ile \u00fcniversite \u00f6\u011frencisi Mustafa K\u00f6seda\u011f (25) aras\u0131nda yol verme meselesi nedeniyle ba\u015flayan tart\u0131\u015fma k\u0131sa s\u00fcrede kavgaya d\u00f6n\u00fc\u015ft\u00fc. Bu s\u0131rada K\u00f6seda\u011f\u2019\u0131n otob\u00fcs\u00fcn \u00f6n\u00fcn\u00fc kesti\u011fi anlar, otob\u00fcs\u00fcn ara\u00e7 i\u00e7i kameralar\u0131na anbean yans\u0131d\u0131. P\u0131nar Ko\u00e7aktok\u2019un olay an\u0131nda ya\u015fad\u0131\u011f\u0131 korku ve otob\u00fcs i\u00e7erisindeki panik de kameralara yans\u0131d\u0131. Taraflar birbirinden \u015fikayet\u00e7i olarak, hukuki s\u00fcre\u00e7 ba\u015flatt\u0131.<br \/>\n<br \/>G\u00f6r\u00fcnt\u00fclerin sosyal medyada yay\u0131lmas\u0131yla &#8220;maganda&#8221; tepkilerine maruz kald\u0131\u011f\u0131n\u0131 belirten Mustafa K\u00f6seda\u011f, \u015fof\u00f6r\u00fcn sinyal vermeden arac\u0131n\u0131 \u00f6n\u00fcne k\u0131rd\u0131\u011f\u0131n\u0131 ve tehlikeli ara\u00e7 kulland\u0131\u011f\u0131n\u0131 ifade ederek, sadece uyarmak amac\u0131yla yan\u0131na yakla\u015ft\u0131\u011f\u0131n\u0131 ancak \u015fof\u00f6r\u00fcn kendisine a\u011f\u0131r ithamlarda bulundu\u011funu s\u00f6yledi.<\/p>\n<p>&#8220;Ben \u015fik\u00e2yet\u00e7i olmak yerine \u015fof\u00f6r\u00fc uyarmak istedim&#8221;<br \/>\n<br \/>Mustafa K\u00f6seda\u011f, ya\u015fanan olayla ilgili yapt\u0131\u011f\u0131 a\u00e7\u0131klamada, &#8220;Ben Isparta Uygulamal\u0131 Bilimler \u00dcniversitesi \u0130n\u015faat Fak\u00fcltesi\u2019nde okuyan bir \u00f6\u011frenciyim. Olay g\u00fcn\u00fc marketten \u00e7\u0131k\u0131p arac\u0131mla evime do\u011fru giderken, seyir halindeki otob\u00fcs benim \u015feridime do\u011fru k\u0131rd\u0131. Tehlikeyi fark edince durmak zorunda kald\u0131m. Hemen yan\u0131m\u0131zda polis uygulamas\u0131 vard\u0131. Ben de kendi iste\u011fimle uygulama noktas\u0131na girip durumu polis ekiplerine anlatt\u0131m. \u2018Otob\u00fcs \u015fof\u00f6r\u00fc \u00fczerime arac\u0131n\u0131 s\u00fcrd\u00fc, tehlikeli ara\u00e7 kullan\u0131yor\u2019 dedim. Polis ekipleri plakas\u0131n\u0131 al\u0131p \u015fik\u00e2yet\u00e7i olabilece\u011fimi s\u00f6yledi. \u015eik\u00e2yet\u00e7i olmak yerine \u015fof\u00f6r\u00fc uyarmak istedim&#8221; ifadelerini kulland\u0131.<\/p>\n<p>&#8220;Kendisini uyard\u0131\u011f\u0131m an bana hakaret etti&#8221;<br \/>\n<br \/>&#8220;Otob\u00fcs yolcu indiriyordu. Sa\u011fa yana\u015f\u0131p durdu. Ben de yan\u0131na yakla\u015f\u0131p \u2018Arac\u0131n\u0131 \u00fczerime s\u00fcrd\u00fcn, daha dikkatli ol\u2019 demek istedim. Ancak bana hakaret ederek cevap verdi&#8221; diyen K\u00f6seda\u011f, &#8220;Bu s\u00f6zler \u00fczerine \u00e7ok sinirlendim. Hem \u00fczerime s\u00fcrd\u00fc\u011f\u00fcn\u00fc hem de neden hakaret etti\u011fini sordum. Buna kar\u015f\u0131l\u0131k \u2018A\u015fa\u011f\u0131 inersen seni \u015f\u00f6yle b\u00f6yle yapar\u0131m\u2019 \u015feklinde tehditler savurdu. Sinirlenince uzakla\u015fmamas\u0131 i\u00e7in arac\u0131m\u0131 otob\u00fcs\u00fcn \u00f6n\u00fcne k\u0131rd\u0131m ve polisi arad\u0131m. Polis ekipleri zaten \u00e7ok yak\u0131ndayd\u0131. Otob\u00fcs\u00fcn yan\u0131na yana\u015fmadan \u00f6nce \u015fof\u00f6r\u00fcn kad\u0131n oldu\u011funu bilmiyordum, yan\u0131na yakla\u015f\u0131nca g\u00f6rd\u00fcm. \u2018Neden k\u00fcf\u00fcr ettiniz?\u2019 diye sordu\u011fumda \u2018Polisi arar\u0131m, uzakla\u015f buradan. \u00d6n\u00fcm\u00fc kesiyorsun, sen magandas\u0131n\u2019 gibi ithamlarda bulundu. Cam\u0131n\u0131 kapat\u0131nca telefonumu \u00e7\u0131kar\u0131p, tekrar polisi arad\u0131m&#8221; dedi.<\/p>\n<p>&#8220;G\u00f6r\u00fcnt\u00fclerde lehine olan k\u0131s\u0131mlar\u0131 yay\u0131nlatm\u0131\u015f&#8221;<br \/>\n<br \/>K\u00f6seda\u011f, &#8220;Polis ekipleri telefonu a\u00e7t\u0131\u011f\u0131nda plakas\u0131n\u0131 al\u0131p karakola giderek \u015fik\u00e2yet\u00e7i olabilece\u011fimi s\u00f6ylediler. Ben de karakola gidip \u015fik\u00e2yet\u00e7i oldum. Payla\u015f\u0131lan g\u00f6r\u00fcnt\u00fclerde sadece kendi lehine olan k\u0131s\u0131mlar yay\u0131mlanm\u0131\u015f. Bana k\u00fcf\u00fcr etti\u011fi anlar, onu uyarmaya \u00e7al\u0131\u015ft\u0131\u011f\u0131m anlar, \u015ferit de\u011fi\u015ftirip arac\u0131m\u0131 tehlikeye soktu\u011fu anlar payla\u015f\u0131lmam\u0131\u015f. Bu y\u00fczden toplumda yanl\u0131\u015f bir alg\u0131 olu\u015ftu&#8221; \u015feklinde konu\u015ftu.<\/p>\n<p>&#8220;Maganda olarak g\u00f6r\u00fclmek beni psikolojik olarak etkiliyor&#8221;<br \/>\n<br \/>&#8220;\u015eu anda toplum i\u00e7inde maganda olarak g\u00f6r\u00fcl\u00fcyorum&#8221; diyen K\u00f6seda\u011f, &#8220;Arac\u0131m rengi ve modeli nedeniyle dikkat \u00e7eken bir ara\u00e7 oldu\u011fu i\u00e7in insanlar beni g\u00f6rd\u00fc\u011f\u00fcnde nefretle bak\u0131yor. Ben 25 ya\u015f\u0131nda bir \u00f6\u011frenciyim. Bana yap\u0131lan tehlikeli harekete kar\u015f\u0131 sadece uyarmak istedim. Kar\u015f\u0131l\u0131\u011f\u0131nda k\u00fcf\u00fcr ald\u0131m. Ard\u0131ndan g\u00f6r\u00fcnt\u00fcler payla\u015f\u0131ld\u0131\u011f\u0131nda gelen k\u00fcf\u00fcrl\u00fc yorumlar, hakaretler beni \u00e7ok rahats\u0131z etti. Kad\u0131nla yap\u0131lan r\u00f6portajda beni sald\u0131rgan olarak g\u00f6stermi\u015f. Oysa g\u00f6r\u00fcnt\u00fclerde de g\u00f6r\u00fcld\u00fc\u011f\u00fc gibi herhangi bir sald\u0131r\u0131 giri\u015fimim yok, otob\u00fcse zarar vermiyorum. Arac\u0131mdan inip yap\u0131lmas\u0131 gerekeni yap\u0131yorum, polis ekiplerini ar\u0131yorum ve gidip \u015fik\u00e2yet\u00e7i oluyorum. Avukat\u0131mla birlikte s\u00fcreci ba\u015flatt\u0131k. O anda yan\u0131mda yolcu yoktu. Otob\u00fcsteki yolculardan da bana bir tepki gelmedi. \u015eof\u00f6r yan\u0131na yakla\u015ft\u0131\u011f\u0131mda \u2018Pardon, seni g\u00f6rmedim\u2019 diyebilirdi. Benim k\u00f6t\u00fc bir niyetim yoktu, uyar\u0131p yoluma devam edecektim&#8221; dedi.<\/p>\n<p>&#8220;Art\u0131k insanlar\u0131n beni maganda ilan etmesi bir \u00f6z\u00fcrle \u00e7\u00f6z\u00fclecek bir \u015fey de\u011fil&#8221;<br \/>\n<br \/>Kad\u0131n \u015fof\u00f6rlerle ilgili hi\u00e7bir probleminin olmad\u0131\u011f\u0131n\u0131 da ifade eden K\u00f6seda\u011f, &#8220;Herkes e\u015fit hakka sahip. Polis bizi uzla\u015ft\u0131rmak istedi\u011finde kabul ettim. Kendisi sadece \u00f6z\u00fcr dileseydi konu kapanacakt\u0131. Ama o \u015fik\u00e2yet\u00e7i olmay\u0131 tercih etti. Ben davamdan vazge\u00e7meyece\u011fim. \u0130nsanlar\u0131n beni maganda ilan etmesi bir \u00f6z\u00fcrle \u00e7\u00f6z\u00fclecek bir \u015fey de\u011fil&#8221; \u015feklinde konu\u015ftu.<br \/><\/p>\n","protected":false},"excerpt":{"rendered":"<p>Isparta\u2019da kad\u0131n otob\u00fcs \u015fof\u00f6r\u00fc ile bir \u00fcniversite \u00f6\u011frencisi aras\u0131nda yol verme nedeniyle \u00e7\u0131kan tart\u0131\u015fma k\u0131sa s\u00fcrede b\u00fcy\u00fcd\u00fc. Olay sonras\u0131 yay\u0131lan g\u00f6r\u00fcnt\u00fcler nedeniyle tepki \u00e7eken 25 ya\u015f\u0131ndaki Mustafa K\u00f6seda\u011f, &#8220;Ben sadece bir \u00fcniversite \u00f6\u011frencisiyim, maganda de\u011filim. \u015eof\u00f6r\u00fcn tehlikeli ara\u00e7 kullanmas\u0131 nedeniyle onu uyarmak istedim ancak bana a\u011f\u0131r hakaretler etti. E\u011fer o an \u00f6z\u00fcr dileseydi yoluma devam&#8230;<\/p>\n","protected":false},"author":1,"featured_media":68736,"comment_status":"open","ping_status":"open","sticky":false,"template":"","format":"standard","meta":{"_crdt_document":"","footnotes":""},"categories":[5],"tags":[],"class_list":["post-68735","post","type-post","status-publish","format-standard","has-post-thumbnail","hentry","category-asayis"],"_links":{"self":[{"href":"https:\/\/www.egemtv.com\/index.php?rest_route=\/wp\/v2\/posts\/68735","targetHints":{"allow":["GET"]}}],"collection":[{"href":"https:\/\/www.egemtv.com\/index.php?rest_route=\/wp\/v2\/posts"}],"about":[{"href":"https:\/\/www.egemtv.com\/index.php?rest_route=\/wp\/v2\/types\/post"}],"author":[{"embeddable":true,"href":"https:\/\/www.egemtv.com\/index.php?rest_route=\/wp\/v2\/users\/1"}],"replies":[{"embeddable":true,"href":"https:\/\/www.egemtv.com\/index.php?rest_route=%2Fwp%2Fv2%2Fcomments&post=68735"}],"version-history":[{"count":1,"href":"https:\/\/www.egemtv.com\/index.php?rest_route=\/wp\/v2\/posts\/68735\/revisions"}],"predecessor-version":[{"id":68737,"href":"https:\/\/www.egemtv.com\/index.php?rest_route=\/wp\/v2\/posts\/68735\/revisions\/68737"}],"wp:featuredmedia":[{"embeddable":true,"href":"https:\/\/www.egemtv.com\/index.php?rest_route=\/wp\/v2\/media\/68736"}],"wp:attachment":[{"href":"https:\/\/www.egemtv.com\/index.php?rest_route=%2Fwp%2Fv2%2Fmedia&parent=68735"}],"wp:term":[{"taxonomy":"category","embeddable":true,"href":"https:\/\/www.egemtv.com\/index.php?rest_route=%2Fwp%2Fv2%2Fcategories&post=68735"},{"taxonomy":"post_tag","embeddable":true,"href":"https:\/\/www.egemtv.com\/index.php?rest_route=%2Fwp%2Fv2%2Ftags&post=68735"}],"curies":[{"name":"wp","href":"https:\/\/api.w.org\/{rel}","templated":true}]}}