{"id":68729,"date":"2025-11-19T16:15:11","date_gmt":"2025-11-19T13:15:11","guid":{"rendered":"https:\/\/www.egemtv.com\/?p=68729"},"modified":"2025-11-19T16:15:12","modified_gmt":"2025-11-19T13:15:12","slug":"manisada-avci-tarafindan-vurulan-coban-hayatini-kaybetti","status":"publish","type":"post","link":"https:\/\/www.egemtv.com\/?p=68729","title":{"rendered":"Manisa\u2019da avc\u0131 taraf\u0131ndan vurulan \u00e7oban hayat\u0131n\u0131 kaybetti"},"content":{"rendered":"<p>Manisa\u2019n\u0131n Salihli il\u00e7esinde \u00e7obanl\u0131k yapan adam, bir avc\u0131n\u0131n t\u00fcfe\u011finden \u00e7\u0131kan kur\u015funla hayat\u0131n\u0131 kaybetti.<br \/>\n<br \/>Edinilen bilgiye g\u00f6re, olay Salihli il\u00e7esinin \u0130\u011fdecik Mahallesi k\u0131rsal\u0131nda meydana geldi. B\u00f6lgede avc\u0131l\u0131k yapt\u0131\u011f\u0131 \u00f6\u011frenilen M.D, o esnada hayvanlar\u0131n\u0131 otlatan evli ve 3 \u00e7ocuk babas\u0131 45 ya\u015f\u0131ndaki \u00e7oban Ali Ay\u2019a av t\u00fcfe\u011fiyle ate\u015f etti. Av t\u00fcfe\u011finden \u00e7\u0131kan sa\u00e7malar\u0131n ba\u015f\u0131na isabet etmesi sonucu a\u011f\u0131r yaralanan Ali Ay, kanlar i\u00e7inde yere y\u0131\u011f\u0131ld\u0131. \u00c7evredeki vatanda\u015flar\u0131n ihbar\u0131 \u00fczerine olay yerine gelen sa\u011fl\u0131k ekipleri, Ali Ay\u2019\u0131n hayat\u0131n\u0131 kaybetti\u011fini tespit etti.<br \/>\n<br \/>\u00c7oban Ali Ay\u2019\u0131n \u00f6l\u00fcm\u00fcne neden olan M.D, kulland\u0131\u011f\u0131 av t\u00fcfe\u011fi ile birlikte jandarma ekipleri taraf\u0131ndan g\u00f6zalt\u0131na al\u0131nd\u0131. \u015e\u00fcpheli M.D.\u2019nin jandarmadaki ilk ifadesinde, \u00e7oban Ali Ay\u2019a &#8220;kazara vurdu\u011funu&#8221; iddia etti\u011fi belirtildi.<br \/>\n<br \/>Jandarmadaki i\u015flemlerinin tamamlanmas\u0131n\u0131n ard\u0131ndan \u015f\u00fcpheli M.D.\u2019nin adli makamlara sevk edilece\u011fi bildirildi.<br \/><\/p>\n","protected":false},"excerpt":{"rendered":"<p>Manisa\u2019n\u0131n Salihli il\u00e7esinde \u00e7obanl\u0131k yapan adam, bir avc\u0131n\u0131n t\u00fcfe\u011finden \u00e7\u0131kan kur\u015funla hayat\u0131n\u0131 kaybetti. Edinilen bilgiye g\u00f6re, olay Salihli il\u00e7esinin \u0130\u011fdecik Mahallesi k\u0131rsal\u0131nda meydana geldi. B\u00f6lgede avc\u0131l\u0131k yapt\u0131\u011f\u0131 \u00f6\u011frenilen M.D, o esnada hayvanlar\u0131n\u0131 otlatan evli ve 3 \u00e7ocuk babas\u0131 45 ya\u015f\u0131ndaki \u00e7oban Ali Ay\u2019a av t\u00fcfe\u011fiyle ate\u015f etti. Av t\u00fcfe\u011finden \u00e7\u0131kan sa\u00e7malar\u0131n ba\u015f\u0131na isabet etmesi sonucu&#8230;<\/p>\n","protected":false},"author":1,"featured_media":68730,"comment_status":"open","ping_status":"open","sticky":false,"template":"","format":"standard","meta":{"_crdt_document":"","footnotes":""},"categories":[5],"tags":[],"class_list":["post-68729","post","type-post","status-publish","format-standard","has-post-thumbnail","hentry","category-asayis"],"_links":{"self":[{"href":"https:\/\/www.egemtv.com\/index.php?rest_route=\/wp\/v2\/posts\/68729","targetHints":{"allow":["GET"]}}],"collection":[{"href":"https:\/\/www.egemtv.com\/index.php?rest_route=\/wp\/v2\/posts"}],"about":[{"href":"https:\/\/www.egemtv.com\/index.php?rest_route=\/wp\/v2\/types\/post"}],"author":[{"embeddable":true,"href":"https:\/\/www.egemtv.com\/index.php?rest_route=\/wp\/v2\/users\/1"}],"replies":[{"embeddable":true,"href":"https:\/\/www.egemtv.com\/index.php?rest_route=%2Fwp%2Fv2%2Fcomments&post=68729"}],"version-history":[{"count":1,"href":"https:\/\/www.egemtv.com\/index.php?rest_route=\/wp\/v2\/posts\/68729\/revisions"}],"predecessor-version":[{"id":68731,"href":"https:\/\/www.egemtv.com\/index.php?rest_route=\/wp\/v2\/posts\/68729\/revisions\/68731"}],"wp:featuredmedia":[{"embeddable":true,"href":"https:\/\/www.egemtv.com\/index.php?rest_route=\/wp\/v2\/media\/68730"}],"wp:attachment":[{"href":"https:\/\/www.egemtv.com\/index.php?rest_route=%2Fwp%2Fv2%2Fmedia&parent=68729"}],"wp:term":[{"taxonomy":"category","embeddable":true,"href":"https:\/\/www.egemtv.com\/index.php?rest_route=%2Fwp%2Fv2%2Fcategories&post=68729"},{"taxonomy":"post_tag","embeddable":true,"href":"https:\/\/www.egemtv.com\/index.php?rest_route=%2Fwp%2Fv2%2Ftags&post=68729"}],"curies":[{"name":"wp","href":"https:\/\/api.w.org\/{rel}","templated":true}]}}