{"id":68726,"date":"2025-11-19T15:55:15","date_gmt":"2025-11-19T12:55:15","guid":{"rendered":"https:\/\/www.egemtv.com\/?p=68726"},"modified":"2025-11-19T15:55:16","modified_gmt":"2025-11-19T12:55:16","slug":"ak-partili-baybatur-dunya-barisinin-yolu-filistinden-gecmektedir","status":"publish","type":"post","link":"https:\/\/www.egemtv.com\/?p=68726","title":{"rendered":"AK Parti\u2019li Baybatur: &#8220;D\u00fcnya bar\u0131\u015f\u0131n\u0131n yolu Filistin\u2019den ge\u00e7mektedir&#8221;"},"content":{"rendered":"<p>\u0130stanbul\u2019da d\u00fczenlenen Avrupa G\u00fcvenlik ve \u0130\u015fbirli\u011fi Te\u015fkilat\u0131 Parlamenter Asamblesi (AG\u0130T-PA) 23. Sonbahar Genel Kurul Toplant\u0131s\u0131nda konu\u015fan AK Parti Manisa Milletvekili Murat Baybatur, &#8220;D\u00fcnya bar\u0131\u015f\u0131n\u0131n \u015fah damar\u0131 niteli\u011findeki bu co\u011frafyada kal\u0131c\u0131 bar\u0131\u015f\u0131n yolu Filistin\u2019den ge\u00e7mektedir.&#8221; dedi.<br \/>\n<br \/>AK Parti Manisa Milletvekili Murat Baybatur, \u0130stanbul\u2019da d\u00fczenlenen Avrupa G\u00fcvenlik ve \u0130\u015fbirli\u011fi Te\u015fkilat\u0131 Parlamenter Asamblesi (AG\u0130T-PA) 23. Sonbahar Genel Kurul Toplant\u0131s\u0131\u2019na kat\u0131ld\u0131. \u0130stanbul\u2019da 50\u2019yi a\u015fk\u0131n \u00fclkenin kat\u0131l\u0131m\u0131yla ger\u00e7ekle\u015ftirilen genel kurulun ilk g\u00fcn\u00fcnde Baybatur, Daim\u00ee Komite, G\u00f6\u00e7 Komitesi ve Ter\u00f6rizmle M\u00fccadele Komitesi oturumlar\u0131nda b\u00f6lgesel g\u00fcvenlik, g\u00f6\u00e7 y\u00f6netimi, ter\u00f6rle m\u00fccadele ve parlamenter diplomasi alanlar\u0131nda kapsaml\u0131 de\u011ferlendirmelerde bulundu. Ayn\u0131 g\u00fcn T\u00fcrk\u00ee Cumhuriyetlerin temsilcileriyle bir araya gelen Baybatur, i\u015f birli\u011fi konular\u0131nda g\u00f6r\u00fc\u015f al\u0131\u015fveri\u015finde bulundu.<br \/>\n<br \/>Genel kurulun ikinci g\u00fcn\u00fcnde kural temelli k\u00fcresel ticaretin g\u00fc\u00e7lendirilmesi, adil ve s\u00fcrd\u00fcr\u00fclebilir b\u00fcy\u00fcme, AG\u0130T-PA \u0130\u00e7t\u00fcz\u00fck Alt Komitesi ve \u0130pek Yolu Grubu toplant\u0131lar\u0131 ger\u00e7ekle\u015ftirildi. Oturumlarda, b\u00f6lgesel i\u015f birli\u011finin art\u0131r\u0131lmas\u0131, insan onurunun korunmas\u0131, temel haklar\u0131n g\u00fcvence alt\u0131na al\u0131nmas\u0131 ve ailelerin desteklenmesine y\u00f6nelik konular ele al\u0131nd\u0131.<br \/>\n<br \/>Toplant\u0131n\u0131n son g\u00fcn\u00fcnde d\u00fczenlenen &#8220;Orta Do\u011fu\u2019daki Geli\u015fmeler; Gazze\u2019nin Bug\u00fcn\u00fc ve Gelece\u011fi&#8221; temal\u0131 oturumda konu\u015fan Baybatur, Gazze\u2019de iki y\u0131ld\u0131r s\u00fcren \u00e7at\u0131\u015fmalar\u0131n ate\u015fkes anla\u015fmas\u0131yla sona ermi\u015f olmas\u0131ndan memnuniyet duyduklar\u0131n\u0131 belirterek, ate\u015fkesin ya\u015fanan insani trajedinin yaralar\u0131n\u0131 tek ba\u015f\u0131na sarmaya yetmeyece\u011fini vurgulad\u0131.<br \/>\n<br \/>Baybatur, \u0130srail\u2019in sald\u0131r\u0131lar\u0131nda sivillerin hedef al\u0131nd\u0131\u011f\u0131n\u0131 ifade ederek, &#8220;7 Ekim 2023\u2019ten bu yana hayat\u0131n\u0131 kaybedenlerin say\u0131s\u0131 her ge\u00e7en g\u00fcn y\u00fcz bine yakla\u015fmaktad\u0131r. Bu kay\u0131plar\u0131n \u00f6nemli bir k\u0131sm\u0131n\u0131 savunmas\u0131z siviller olu\u015fturmaktad\u0131r. Binlerce kad\u0131n, \u00e7ocuk, sa\u011fl\u0131k \u00e7al\u0131\u015fan\u0131, bas\u0131n mensubu ve insani yard\u0131m g\u00f6revlisi bu s\u00fcre\u00e7te hayat\u0131n\u0131 kaybetmi\u015ftir.&#8221; dedi.<br \/>\n<br \/>\u0130srail\u2019in ate\u015fkesi defalarca ihlal etti\u011fini belirten Baybatur, sivil yerle\u015fim b\u00f6lgelerine y\u00f6nelik sald\u0131r\u0131lar\u0131n kabul edilemez oldu\u011funu ifade etti. Uluslararas\u0131 topluma \u00e7a\u011fr\u0131da bulunan Baybatur, ate\u015fkesin tam anlam\u0131yla uygulanmas\u0131, kal\u0131c\u0131 ve adil bir bar\u0131\u015f s\u00fcrecinin desteklenmesi gerekti\u011fini vurgulad\u0131.<br \/>\n<br \/>T\u00fcrkiye\u2019nin insani yard\u0131m faaliyetlerini t\u00fcm k\u0131s\u0131tlamalara ra\u011fmen s\u00fcrd\u00fcrd\u00fc\u011f\u00fcn\u00fc hat\u0131rlatan Baybatur, AG\u0130T-PA \u00fcyeleri ba\u015fta olmak \u00fczere t\u00fcm \u00fclkelere ate\u015fkesin s\u00fcrd\u00fcr\u00fclebilirli\u011fi ve Gazze\u2019nin yeniden in\u015fas\u0131 konusunda sorumluluk alma \u00e7a\u011fr\u0131s\u0131 yapt\u0131.<br \/>\n<br \/>Baybatur konu\u015fmas\u0131n\u0131, &#8220;D\u00fcnya bar\u0131\u015f\u0131n\u0131n \u015fah damar\u0131 niteli\u011findeki bu co\u011frafyada kal\u0131c\u0131 bar\u0131\u015f\u0131n yolu Filistin\u2019den ge\u00e7mektedir.&#8221; s\u00f6zleriyle tamamlad\u0131.<br \/><\/p>\n","protected":false},"excerpt":{"rendered":"<p>\u0130stanbul\u2019da d\u00fczenlenen Avrupa G\u00fcvenlik ve \u0130\u015fbirli\u011fi Te\u015fkilat\u0131 Parlamenter Asamblesi (AG\u0130T-PA) 23. Sonbahar Genel Kurul Toplant\u0131s\u0131nda konu\u015fan AK Parti Manisa Milletvekili Murat Baybatur, &#8220;D\u00fcnya bar\u0131\u015f\u0131n\u0131n \u015fah damar\u0131 niteli\u011findeki bu co\u011frafyada kal\u0131c\u0131 bar\u0131\u015f\u0131n yolu Filistin\u2019den ge\u00e7mektedir.&#8221; dedi. AK Parti Manisa Milletvekili Murat Baybatur, \u0130stanbul\u2019da d\u00fczenlenen Avrupa G\u00fcvenlik ve \u0130\u015fbirli\u011fi Te\u015fkilat\u0131 Parlamenter Asamblesi (AG\u0130T-PA) 23. Sonbahar Genel Kurul&#8230;<\/p>\n","protected":false},"author":1,"featured_media":68727,"comment_status":"open","ping_status":"open","sticky":false,"template":"","format":"standard","meta":{"_crdt_document":"","footnotes":""},"categories":[127],"tags":[],"class_list":["post-68726","post","type-post","status-publish","format-standard","has-post-thumbnail","hentry","category-siyaset"],"_links":{"self":[{"href":"https:\/\/www.egemtv.com\/index.php?rest_route=\/wp\/v2\/posts\/68726","targetHints":{"allow":["GET"]}}],"collection":[{"href":"https:\/\/www.egemtv.com\/index.php?rest_route=\/wp\/v2\/posts"}],"about":[{"href":"https:\/\/www.egemtv.com\/index.php?rest_route=\/wp\/v2\/types\/post"}],"author":[{"embeddable":true,"href":"https:\/\/www.egemtv.com\/index.php?rest_route=\/wp\/v2\/users\/1"}],"replies":[{"embeddable":true,"href":"https:\/\/www.egemtv.com\/index.php?rest_route=%2Fwp%2Fv2%2Fcomments&post=68726"}],"version-history":[{"count":1,"href":"https:\/\/www.egemtv.com\/index.php?rest_route=\/wp\/v2\/posts\/68726\/revisions"}],"predecessor-version":[{"id":68728,"href":"https:\/\/www.egemtv.com\/index.php?rest_route=\/wp\/v2\/posts\/68726\/revisions\/68728"}],"wp:featuredmedia":[{"embeddable":true,"href":"https:\/\/www.egemtv.com\/index.php?rest_route=\/wp\/v2\/media\/68727"}],"wp:attachment":[{"href":"https:\/\/www.egemtv.com\/index.php?rest_route=%2Fwp%2Fv2%2Fmedia&parent=68726"}],"wp:term":[{"taxonomy":"category","embeddable":true,"href":"https:\/\/www.egemtv.com\/index.php?rest_route=%2Fwp%2Fv2%2Fcategories&post=68726"},{"taxonomy":"post_tag","embeddable":true,"href":"https:\/\/www.egemtv.com\/index.php?rest_route=%2Fwp%2Fv2%2Ftags&post=68726"}],"curies":[{"name":"wp","href":"https:\/\/api.w.org\/{rel}","templated":true}]}}