{"id":68723,"date":"2025-11-19T15:55:13","date_gmt":"2025-11-19T12:55:13","guid":{"rendered":"https:\/\/www.egemtv.com\/?p=68723"},"modified":"2025-11-19T15:55:15","modified_gmt":"2025-11-19T12:55:15","slug":"adnan-menderes-stadinda-calismalar-suruyor","status":"publish","type":"post","link":"https:\/\/www.egemtv.com\/?p=68723","title":{"rendered":"Adnan Menderes Stad\u0131\u2019nda \u00e7al\u0131\u015fmalar s\u00fcr\u00fcyor"},"content":{"rendered":"<p>Ayd\u0131n\u2019\u0131n Efeler il\u00e7esinde yer alan ve depreme dayan\u0131ks\u0131z oldu\u011fu i\u00e7in y\u0131k\u0131larak yeniden yap\u0131m\u0131na ba\u015flanan Adnan Menderes Stadyumu\u2019nun in\u015faat\u0131nda \u00e7al\u0131\u015fmalar y\u00fczde 75 seviyesine ula\u015ft\u0131.<\/p>\n<p>Profesyonel lig standartlar\u0131nda, 6 bin seyirci kapasiteli olarak projelendirilen yeni stad\u0131n y\u0131l sonuna kadar tamamlanmas\u0131 i\u00e7in sahada yo\u011fun bir mesai y\u00fcr\u00fct\u00fcl\u00fcyor. \u015eantiyede 5 i\u015f makinesi, 6 kamyon ve 35 ki\u015filik ekip gece g\u00fcnd\u00fcz demeden \u00e7al\u0131\u015f\u0131rken, \u00e7elik trib\u00fcnlerin b\u00fcy\u00fck b\u00f6l\u00fcm\u00fc tamamland\u0131 ve sahada ince i\u015f\u00e7ilik a\u015famas\u0131na ge\u00e7ildi. Yetkililer, \u00f6n\u00fcm\u00fczdeki hafta FIFA standartlar\u0131n\u0131n da \u00fczerinde bir kaliteye sahip olan \u00f6zel \u00e7imin serimine ba\u015flanaca\u011f\u0131n\u0131 belirtti. Stadyumun do\u011fal \u00e7im sahas\u0131, ileri altyap\u0131 sistemleri, tartan pisti, saha ayd\u0131nlatmalar\u0131, su deposu ve yenilenmi\u015f deplasman alanlar\u0131yla modern bir spor kompleksi haline gelece\u011fi ifade edildi. Do\u011fu ve kar\u015f\u0131 trib\u00fcnlerde k\u00fc\u00e7\u00fck dokunu\u015flar\u0131n kald\u0131\u011f\u0131, bat\u0131 trib\u00fcn\u00fcnde ise enerji odalar\u0131, teknik odalar, kazan dairesi, seyirci tuvaletleri ve antrenman salonlar\u0131n\u0131n tamamlanmak \u00fczere oldu\u011fu kaydedildi.<\/p>\n<p>\u0130ki katl\u0131 do\u011fu trib\u00fcn\u00fcnde protokol trib\u00fcn\u00fc, bas\u0131n trib\u00fcn\u00fc, seyir localar\u0131, hakem ve soyunma odalar\u0131, sa\u011fl\u0131k ve ilk yard\u0131m odas\u0131, doping kontrol odalar\u0131, temsilci ve antren\u00f6r odalar\u0131, canl\u0131 yay\u0131n kamera platformlar\u0131, mescit ve geni\u015f fuaye alanlar\u0131 yer alacak. Bu b\u00f6l\u00fcm\u00fcn de b\u00fcy\u00fck oranda tamamland\u0131\u011f\u0131 ve ince i\u015f\u00e7iliklere ge\u00e7ildi\u011fi bildirildi.<\/p>\n<p>Adnan Menderes Stad\u0131 \u015eantiye Sorumlusu K\u0131l\u0131\u00e7aslan Bi\u015fmi\u015f, projede herhangi bir aksama olmad\u0131\u011f\u0131n\u0131 vurgulayarak \u00e7at\u0131 makaslar\u0131, kaplama ve montaj \u00e7al\u0131\u015fmalar\u0131n\u0131n planland\u0131\u011f\u0131 \u015fekilde s\u00fcrd\u00fc\u011f\u00fcn\u00fc a\u00e7\u0131klad\u0131. Malzeme ak\u0131\u015f\u0131n\u0131n devam etti\u011fini, ta\u015feron firma anla\u015fmalar\u0131n\u0131n ana firmay\u0131 ba\u011flamad\u0131\u011f\u0131n\u0131 ve projenin aksamadan ilerledi\u011fini s\u00f6yledi. B\u00fcy\u00fck \u00f6l\u00e7ekli projelerde tarihin kesin olarak verilemeyece\u011fini ancak hedeflerinin stad\u0131 g\u00fcn\u00fcnde tamamlamak oldu\u011funu dile getiren Bi\u015fmi\u015f, gece g\u00fcnd\u00fcz demeden projeyi zaman\u0131nda yeti\u015ftirmeye \u00e7al\u0131\u015ft\u0131klar\u0131n\u0131 s\u00f6zlerine ekledi.<br \/><\/p>\n","protected":false},"excerpt":{"rendered":"<p>Ayd\u0131n\u2019\u0131n Efeler il\u00e7esinde yer alan ve depreme dayan\u0131ks\u0131z oldu\u011fu i\u00e7in y\u0131k\u0131larak yeniden yap\u0131m\u0131na ba\u015flanan Adnan Menderes Stadyumu\u2019nun in\u015faat\u0131nda \u00e7al\u0131\u015fmalar y\u00fczde 75 seviyesine ula\u015ft\u0131. Profesyonel lig standartlar\u0131nda, 6 bin seyirci kapasiteli olarak projelendirilen yeni stad\u0131n y\u0131l sonuna kadar tamamlanmas\u0131 i\u00e7in sahada yo\u011fun bir mesai y\u00fcr\u00fct\u00fcl\u00fcyor. \u015eantiyede 5 i\u015f makinesi, 6 kamyon ve 35 ki\u015filik ekip gece&#8230;<\/p>\n","protected":false},"author":1,"featured_media":68724,"comment_status":"open","ping_status":"open","sticky":false,"template":"","format":"standard","meta":{"_crdt_document":"","footnotes":""},"categories":[4],"tags":[],"class_list":["post-68723","post","type-post","status-publish","format-standard","has-post-thumbnail","hentry","category-spor"],"_links":{"self":[{"href":"https:\/\/www.egemtv.com\/index.php?rest_route=\/wp\/v2\/posts\/68723","targetHints":{"allow":["GET"]}}],"collection":[{"href":"https:\/\/www.egemtv.com\/index.php?rest_route=\/wp\/v2\/posts"}],"about":[{"href":"https:\/\/www.egemtv.com\/index.php?rest_route=\/wp\/v2\/types\/post"}],"author":[{"embeddable":true,"href":"https:\/\/www.egemtv.com\/index.php?rest_route=\/wp\/v2\/users\/1"}],"replies":[{"embeddable":true,"href":"https:\/\/www.egemtv.com\/index.php?rest_route=%2Fwp%2Fv2%2Fcomments&post=68723"}],"version-history":[{"count":1,"href":"https:\/\/www.egemtv.com\/index.php?rest_route=\/wp\/v2\/posts\/68723\/revisions"}],"predecessor-version":[{"id":68725,"href":"https:\/\/www.egemtv.com\/index.php?rest_route=\/wp\/v2\/posts\/68723\/revisions\/68725"}],"wp:featuredmedia":[{"embeddable":true,"href":"https:\/\/www.egemtv.com\/index.php?rest_route=\/wp\/v2\/media\/68724"}],"wp:attachment":[{"href":"https:\/\/www.egemtv.com\/index.php?rest_route=%2Fwp%2Fv2%2Fmedia&parent=68723"}],"wp:term":[{"taxonomy":"category","embeddable":true,"href":"https:\/\/www.egemtv.com\/index.php?rest_route=%2Fwp%2Fv2%2Fcategories&post=68723"},{"taxonomy":"post_tag","embeddable":true,"href":"https:\/\/www.egemtv.com\/index.php?rest_route=%2Fwp%2Fv2%2Ftags&post=68723"}],"curies":[{"name":"wp","href":"https:\/\/api.w.org\/{rel}","templated":true}]}}