{"id":68720,"date":"2025-11-19T15:55:12","date_gmt":"2025-11-19T12:55:12","guid":{"rendered":"https:\/\/www.egemtv.com\/?p=68720"},"modified":"2025-11-19T15:55:13","modified_gmt":"2025-11-19T12:55:13","slug":"kusadasinda-cocuklarin-gelisimi-icin-periyodik-sut-dagitimi-devam-ediyor","status":"publish","type":"post","link":"https:\/\/www.egemtv.com\/?p=68720","title":{"rendered":"Ku\u015fadas\u0131\u2019nda \u00e7ocuklar\u0131n geli\u015fimi i\u00e7in periyodik s\u00fct da\u011f\u0131t\u0131m\u0131 devam ediyor"},"content":{"rendered":"<p>Sosyal belediyecilik anlay\u0131\u015f\u0131n\u0131 hizmet oda\u011f\u0131na alan Ku\u015fadas\u0131 Belediyesi, kentte ya\u015fayan ailelerin \u00e7ocuklar\u0131n\u0131n sa\u011fl\u0131kl\u0131 b\u00fcy\u00fcme ve beslenme s\u00fcre\u00e7lerine destek olmak amac\u0131yla s\u00fcrd\u00fcrd\u00fc\u011f\u00fc d\u00fczenli s\u00fct da\u011f\u0131t\u0131m\u0131n\u0131 aral\u0131ks\u0131z olarak ger\u00e7ekle\u015ftiriyor.<\/p>\n<p>Sosyal Yard\u0131m \u0130\u015fleri M\u00fcd\u00fcrl\u00fc\u011f\u00fc taraf\u0131ndan y\u00fcr\u00fct\u00fclen program kapsam\u0131nda, 2025 y\u0131l\u0131n\u0131n ba\u015flang\u0131c\u0131ndan bug\u00fcne kadar toplam 116 bin litre s\u00fct ihtiya\u00e7 sahiplerine ula\u015ft\u0131r\u0131ld\u0131. 24-60 ay aras\u0131ndaki \u00e7ocuklar i\u00e7in her ay 1440 paket s\u00fct da\u011f\u0131t\u0131l\u0131yor. Ailelere ayl\u0131k 6 litre s\u00fct deste\u011fi sa\u011flan\u0131rken, da\u011f\u0131t\u0131mlar ay boyunca belirlenen 4 farkl\u0131 g\u00fcnde yap\u0131l\u0131yor. 2025 y\u0131l\u0131n\u0131n sonuna yakla\u015f\u0131l\u0131rken ekonomik \u015fartlar\u0131n aileler \u00fczerindeki etkilerinin artmas\u0131 nedeniyle, \u00e7ocuklar\u0131n beslenme dengelerini korumalar\u0131na katk\u0131 sunan s\u00fct deste\u011fi program\u0131 2026 y\u0131l\u0131nda da kesintisiz devam edecek. Ku\u015fadas\u0131 Belediyesi\u2019nin s\u00fct deste\u011finden yararlanmak isteyen aileler, 444 71 14 numaral\u0131 G\u00fcvercin Masa hatt\u0131n\u0131 arayarak ba\u015fvuruda bulunabilecek.<br \/><\/p>\n","protected":false},"excerpt":{"rendered":"<p>Sosyal belediyecilik anlay\u0131\u015f\u0131n\u0131 hizmet oda\u011f\u0131na alan Ku\u015fadas\u0131 Belediyesi, kentte ya\u015fayan ailelerin \u00e7ocuklar\u0131n\u0131n sa\u011fl\u0131kl\u0131 b\u00fcy\u00fcme ve beslenme s\u00fcre\u00e7lerine destek olmak amac\u0131yla s\u00fcrd\u00fcrd\u00fc\u011f\u00fc d\u00fczenli s\u00fct da\u011f\u0131t\u0131m\u0131n\u0131 aral\u0131ks\u0131z olarak ger\u00e7ekle\u015ftiriyor. Sosyal Yard\u0131m \u0130\u015fleri M\u00fcd\u00fcrl\u00fc\u011f\u00fc taraf\u0131ndan y\u00fcr\u00fct\u00fclen program kapsam\u0131nda, 2025 y\u0131l\u0131n\u0131n ba\u015flang\u0131c\u0131ndan bug\u00fcne kadar toplam 116 bin litre s\u00fct ihtiya\u00e7 sahiplerine ula\u015ft\u0131r\u0131ld\u0131. 24-60 ay aras\u0131ndaki \u00e7ocuklar i\u00e7in her ay&#8230;<\/p>\n","protected":false},"author":1,"featured_media":68721,"comment_status":"open","ping_status":"open","sticky":false,"template":"","format":"standard","meta":{"_crdt_document":"","footnotes":""},"categories":[125],"tags":[],"class_list":["post-68720","post","type-post","status-publish","format-standard","has-post-thumbnail","hentry","category-ekonomi"],"_links":{"self":[{"href":"https:\/\/www.egemtv.com\/index.php?rest_route=\/wp\/v2\/posts\/68720","targetHints":{"allow":["GET"]}}],"collection":[{"href":"https:\/\/www.egemtv.com\/index.php?rest_route=\/wp\/v2\/posts"}],"about":[{"href":"https:\/\/www.egemtv.com\/index.php?rest_route=\/wp\/v2\/types\/post"}],"author":[{"embeddable":true,"href":"https:\/\/www.egemtv.com\/index.php?rest_route=\/wp\/v2\/users\/1"}],"replies":[{"embeddable":true,"href":"https:\/\/www.egemtv.com\/index.php?rest_route=%2Fwp%2Fv2%2Fcomments&post=68720"}],"version-history":[{"count":1,"href":"https:\/\/www.egemtv.com\/index.php?rest_route=\/wp\/v2\/posts\/68720\/revisions"}],"predecessor-version":[{"id":68722,"href":"https:\/\/www.egemtv.com\/index.php?rest_route=\/wp\/v2\/posts\/68720\/revisions\/68722"}],"wp:featuredmedia":[{"embeddable":true,"href":"https:\/\/www.egemtv.com\/index.php?rest_route=\/wp\/v2\/media\/68721"}],"wp:attachment":[{"href":"https:\/\/www.egemtv.com\/index.php?rest_route=%2Fwp%2Fv2%2Fmedia&parent=68720"}],"wp:term":[{"taxonomy":"category","embeddable":true,"href":"https:\/\/www.egemtv.com\/index.php?rest_route=%2Fwp%2Fv2%2Fcategories&post=68720"},{"taxonomy":"post_tag","embeddable":true,"href":"https:\/\/www.egemtv.com\/index.php?rest_route=%2Fwp%2Fv2%2Ftags&post=68720"}],"curies":[{"name":"wp","href":"https:\/\/api.w.org\/{rel}","templated":true}]}}