{"id":68717,"date":"2025-11-19T15:55:11","date_gmt":"2025-11-19T12:55:11","guid":{"rendered":"https:\/\/www.egemtv.com\/?p=68717"},"modified":"2025-11-19T15:55:12","modified_gmt":"2025-11-19T12:55:12","slug":"soke-belediyesinden-sazli-mahallesine-yeni-cocuk-oyun-ve-dinlenme-alani","status":"publish","type":"post","link":"https:\/\/www.egemtv.com\/?p=68717","title":{"rendered":"S\u00f6ke Belediyesi\u2019nden Sazl\u0131 Mahallesi\u2019ne yeni \u00c7ocuk Oyun ve Dinlenme Alan\u0131"},"content":{"rendered":"<p>S\u00f6ke Belediyesi, il\u00e7edeki at\u0131l alanlar\u0131 de\u011ferlendirmenin yan\u0131 s\u0131ra ihtiya\u00e7 duyulan noktalarda \u00e7al\u0131\u015fmalar\u0131n\u0131 s\u00fcrd\u00fcrerek yeni ye\u015fil alanlar olu\u015fturmaya devam ediyor.<\/p>\n<p>S\u00f6ke\u2019nin Sazl\u0131 Mahallesi\u2019ne \u00e7ocuklar i\u00e7in oyun ve vatanda\u015flar\u0131m\u0131z i\u00e7in dinlenme alan\u0131 kazand\u0131rd\u0131. Park ve Bah\u00e7eler M\u00fcd\u00fcrl\u00fc\u011f\u00fc ekipleri taraf\u0131ndan y\u00fcr\u00fct\u00fclen \u00e7al\u0131\u015fmalar kapsam\u0131nda alanda; oyun gruplar\u0131n\u0131n ve oturma alanlar\u0131n\u0131n montaj\u0131 tamamland\u0131, ayr\u0131ca b\u00f6lgenin ye\u015fil dokusunu g\u00fc\u00e7lendirmek amac\u0131yla a\u011fa\u00e7land\u0131rma i\u015flemleri ger\u00e7ekle\u015ftirildi.<\/p>\n<p>\u00c7ocuklar\u0131n g\u00fcvenli ve keyifli vakit ge\u00e7irebilece\u011fi, ailelerin ise rahat\u00e7a oturup zaman ge\u00e7irebilece\u011fi \u015fekilde d\u00fczenlenen yeni oyun alan\u0131, mahalle sakinleri taraf\u0131ndan memnuniyetle kar\u015f\u0131land\u0131.<\/p>\n<p>S\u00f6ke Belediye Ba\u015fkan\u0131 Dr. Mustafa \u0130berya Ar\u0131kan yap\u0131lan hizmetin t\u00fcm vatanda\u015flara hay\u0131rl\u0131 olmas\u0131n\u0131 dileyerek, \u00e7ocuklar ba\u015fta olma \u00fczere Sazl\u0131 sakinlerinin alan\u0131 keyifle kullanmalar\u0131n\u0131 temenni etti.<br \/><\/p>\n","protected":false},"excerpt":{"rendered":"<p>S\u00f6ke Belediyesi, il\u00e7edeki at\u0131l alanlar\u0131 de\u011ferlendirmenin yan\u0131 s\u0131ra ihtiya\u00e7 duyulan noktalarda \u00e7al\u0131\u015fmalar\u0131n\u0131 s\u00fcrd\u00fcrerek yeni ye\u015fil alanlar olu\u015fturmaya devam ediyor. S\u00f6ke\u2019nin Sazl\u0131 Mahallesi\u2019ne \u00e7ocuklar i\u00e7in oyun ve vatanda\u015flar\u0131m\u0131z i\u00e7in dinlenme alan\u0131 kazand\u0131rd\u0131. Park ve Bah\u00e7eler M\u00fcd\u00fcrl\u00fc\u011f\u00fc ekipleri taraf\u0131ndan y\u00fcr\u00fct\u00fclen \u00e7al\u0131\u015fmalar kapsam\u0131nda alanda; oyun gruplar\u0131n\u0131n ve oturma alanlar\u0131n\u0131n montaj\u0131 tamamland\u0131, ayr\u0131ca b\u00f6lgenin ye\u015fil dokusunu g\u00fc\u00e7lendirmek amac\u0131yla a\u011fa\u00e7land\u0131rma&#8230;<\/p>\n","protected":false},"author":1,"featured_media":68718,"comment_status":"open","ping_status":"open","sticky":false,"template":"","format":"standard","meta":{"_crdt_document":"","footnotes":""},"categories":[1],"tags":[],"class_list":["post-68717","post","type-post","status-publish","format-standard","has-post-thumbnail","hentry","category-guncel"],"_links":{"self":[{"href":"https:\/\/www.egemtv.com\/index.php?rest_route=\/wp\/v2\/posts\/68717","targetHints":{"allow":["GET"]}}],"collection":[{"href":"https:\/\/www.egemtv.com\/index.php?rest_route=\/wp\/v2\/posts"}],"about":[{"href":"https:\/\/www.egemtv.com\/index.php?rest_route=\/wp\/v2\/types\/post"}],"author":[{"embeddable":true,"href":"https:\/\/www.egemtv.com\/index.php?rest_route=\/wp\/v2\/users\/1"}],"replies":[{"embeddable":true,"href":"https:\/\/www.egemtv.com\/index.php?rest_route=%2Fwp%2Fv2%2Fcomments&post=68717"}],"version-history":[{"count":1,"href":"https:\/\/www.egemtv.com\/index.php?rest_route=\/wp\/v2\/posts\/68717\/revisions"}],"predecessor-version":[{"id":68719,"href":"https:\/\/www.egemtv.com\/index.php?rest_route=\/wp\/v2\/posts\/68717\/revisions\/68719"}],"wp:featuredmedia":[{"embeddable":true,"href":"https:\/\/www.egemtv.com\/index.php?rest_route=\/wp\/v2\/media\/68718"}],"wp:attachment":[{"href":"https:\/\/www.egemtv.com\/index.php?rest_route=%2Fwp%2Fv2%2Fmedia&parent=68717"}],"wp:term":[{"taxonomy":"category","embeddable":true,"href":"https:\/\/www.egemtv.com\/index.php?rest_route=%2Fwp%2Fv2%2Fcategories&post=68717"},{"taxonomy":"post_tag","embeddable":true,"href":"https:\/\/www.egemtv.com\/index.php?rest_route=%2Fwp%2Fv2%2Ftags&post=68717"}],"curies":[{"name":"wp","href":"https:\/\/api.w.org\/{rel}","templated":true}]}}