{"id":68714,"date":"2025-11-19T15:55:10","date_gmt":"2025-11-19T12:55:10","guid":{"rendered":"https:\/\/www.egemtv.com\/?p=68714"},"modified":"2025-11-19T15:55:11","modified_gmt":"2025-11-19T12:55:11","slug":"yunusemrede-agaclandirma-calismalari-suruyor","status":"publish","type":"post","link":"https:\/\/www.egemtv.com\/?p=68714","title":{"rendered":"Yunusemre\u2019de a\u011fa\u00e7land\u0131rma \u00e7al\u0131\u015fmalar\u0131 s\u00fcr\u00fcyor"},"content":{"rendered":"<p>Yunusemre Belediyesi, il\u00e7ede ye\u015fil alanlar\u0131 art\u0131rmak amac\u0131yla a\u011fa\u00e7land\u0131rma \u00e7al\u0131\u015fmalar\u0131na devam ediyor. Park ve Bah\u00e7eler M\u00fcd\u00fcrl\u00fc\u011f\u00fc ekipleri, sonbahar mevsiminin uygun hava \u015fartlar\u0131n\u0131 de\u011ferlendirerek farkl\u0131 mahallelerde belirlenen alanlara \u00e7e\u015fitli t\u00fcrlerde fidan dikimi ger\u00e7ekle\u015ftiriyor.<br \/>\n<br \/>Ekipler, planlanan program dahilinde fidanlar\u0131 toprakla bulu\u015ftururken mevcut a\u011fa\u00e7lar\u0131n sa\u011fl\u0131kl\u0131 geli\u015febilmesi i\u00e7in budama \u00e7al\u0131\u015fmalar\u0131n\u0131 da s\u00fcrd\u00fcr\u00fcyor. Yo\u011fun bir sonbahar d\u00f6nemi ge\u00e7irdiklerini belirten Yunusemre Belediye Ba\u015fkan\u0131 Semih Balaban, konuyla ilgili yapt\u0131\u011f\u0131 a\u00e7\u0131klamada \u015funlar\u0131 s\u00f6yledi:<br \/>\n<br \/>&#8220;Park ve Bah\u00e7eler M\u00fcd\u00fcrl\u00fc\u011f\u00fc ekiplerimiz sonbahar sezonunda yo\u011fun bir \u00e7al\u0131\u015fma temposuna sahip. A\u011fa\u00e7lar\u0131n sa\u011fl\u0131kl\u0131 geli\u015fmesi i\u00e7in d\u00fczenli budama yaparken ayn\u0131 zamanda yeni fidan dikimleriyle il\u00e7emizi daha ye\u015fil bir g\u00f6r\u00fcn\u00fcme kavu\u015fturuyoruz. Yemye\u015fil bir Yunusemre i\u00e7in \u00e7al\u0131\u015fmalar\u0131m\u0131z\u0131 kararl\u0131l\u0131kla s\u00fcrd\u00fcrece\u011fiz.&#8221;<br \/>\n<br \/>Belediye ekiplerinin il\u00e7e genelindeki a\u011fa\u00e7land\u0131rma faaliyetlerinin \u00f6n\u00fcm\u00fczdeki d\u00f6nemde de devam edece\u011fi bildirildi.<br \/><\/p>\n","protected":false},"excerpt":{"rendered":"<p>Yunusemre Belediyesi, il\u00e7ede ye\u015fil alanlar\u0131 art\u0131rmak amac\u0131yla a\u011fa\u00e7land\u0131rma \u00e7al\u0131\u015fmalar\u0131na devam ediyor. Park ve Bah\u00e7eler M\u00fcd\u00fcrl\u00fc\u011f\u00fc ekipleri, sonbahar mevsiminin uygun hava \u015fartlar\u0131n\u0131 de\u011ferlendirerek farkl\u0131 mahallelerde belirlenen alanlara \u00e7e\u015fitli t\u00fcrlerde fidan dikimi ger\u00e7ekle\u015ftiriyor. Ekipler, planlanan program dahilinde fidanlar\u0131 toprakla bulu\u015ftururken mevcut a\u011fa\u00e7lar\u0131n sa\u011fl\u0131kl\u0131 geli\u015febilmesi i\u00e7in budama \u00e7al\u0131\u015fmalar\u0131n\u0131 da s\u00fcrd\u00fcr\u00fcyor. Yo\u011fun bir sonbahar d\u00f6nemi ge\u00e7irdiklerini belirten Yunusemre Belediye&#8230;<\/p>\n","protected":false},"author":1,"featured_media":68715,"comment_status":"open","ping_status":"open","sticky":false,"template":"","format":"standard","meta":{"_crdt_document":"","footnotes":""},"categories":[1],"tags":[],"class_list":["post-68714","post","type-post","status-publish","format-standard","has-post-thumbnail","hentry","category-guncel"],"_links":{"self":[{"href":"https:\/\/www.egemtv.com\/index.php?rest_route=\/wp\/v2\/posts\/68714","targetHints":{"allow":["GET"]}}],"collection":[{"href":"https:\/\/www.egemtv.com\/index.php?rest_route=\/wp\/v2\/posts"}],"about":[{"href":"https:\/\/www.egemtv.com\/index.php?rest_route=\/wp\/v2\/types\/post"}],"author":[{"embeddable":true,"href":"https:\/\/www.egemtv.com\/index.php?rest_route=\/wp\/v2\/users\/1"}],"replies":[{"embeddable":true,"href":"https:\/\/www.egemtv.com\/index.php?rest_route=%2Fwp%2Fv2%2Fcomments&post=68714"}],"version-history":[{"count":1,"href":"https:\/\/www.egemtv.com\/index.php?rest_route=\/wp\/v2\/posts\/68714\/revisions"}],"predecessor-version":[{"id":68716,"href":"https:\/\/www.egemtv.com\/index.php?rest_route=\/wp\/v2\/posts\/68714\/revisions\/68716"}],"wp:featuredmedia":[{"embeddable":true,"href":"https:\/\/www.egemtv.com\/index.php?rest_route=\/wp\/v2\/media\/68715"}],"wp:attachment":[{"href":"https:\/\/www.egemtv.com\/index.php?rest_route=%2Fwp%2Fv2%2Fmedia&parent=68714"}],"wp:term":[{"taxonomy":"category","embeddable":true,"href":"https:\/\/www.egemtv.com\/index.php?rest_route=%2Fwp%2Fv2%2Fcategories&post=68714"},{"taxonomy":"post_tag","embeddable":true,"href":"https:\/\/www.egemtv.com\/index.php?rest_route=%2Fwp%2Fv2%2Ftags&post=68714"}],"curies":[{"name":"wp","href":"https:\/\/api.w.org\/{rel}","templated":true}]}}