{"id":68711,"date":"2025-11-19T15:55:10","date_gmt":"2025-11-19T12:55:10","guid":{"rendered":"https:\/\/www.egemtv.com\/?p=68711"},"modified":"2025-11-19T15:55:10","modified_gmt":"2025-11-19T12:55:10","slug":"milli-parkta-risk-azaltma-calismalari-suruyor","status":"publish","type":"post","link":"https:\/\/www.egemtv.com\/?p=68711","title":{"rendered":"Milli Park\u2019ta risk azaltma \u00e7al\u0131\u015fmalar\u0131 s\u00fcr\u00fcyor"},"content":{"rendered":"<p>Yaban hayat\u0131n\u0131n son s\u0131\u011f\u0131na\u011f\u0131 konumunda bulunan Dilek Yar\u0131madas\u0131 Milli Park\u0131\u2019nda yang\u0131nlara kar\u015f\u0131 \u00f6nleyici tedbirler al\u0131nmaya devam ederken, ekipler yang\u0131n riskini azaltmak i\u00e7in ana yol kenarlar\u0131nda biriken kuru dal ve yapraklar\u0131 temizledi.<\/p>\n<p>Ayd\u0131n\u2019\u0131n Ku\u015fadas\u0131 il\u00e7esindeki Dilek Yar\u0131madas\u0131 B\u00fcy\u00fck Menderes Deltas\u0131 Milli Park\u0131\u2019nda, orman yang\u0131nlar\u0131n\u0131 \u00f6nlemeye y\u00f6nelik temizlik \u00e7al\u0131\u015fmalar\u0131 aral\u0131ks\u0131z s\u00fcr\u00fcyor. Milli Park M\u00fcd\u00fcrl\u00fc\u011f\u00fc ekipleri, \u00f6zellikle yol kenarlar\u0131nda biriken kuru dal, yaprak ve di\u011fer yan\u0131c\u0131 bitki \u00f6rt\u00fcs\u00fcn\u00fc temizleyerek yang\u0131n riskini en aza indirmeyi hedefliyor. 7\/24 kameralarla da izlenen parka gelen ziyaret\u00e7iler de s\u0131k s\u0131k kurallar konusunda bilgilendirilirken, kurallara uymayan vatanda\u015flara da g\u00f6z a\u00e7t\u0131r\u0131lm\u0131yor. Bu \u00e7er\u00e7evede Dilek Yar\u0131madas\u0131 B\u00fcy\u00fck Menderes Deltas\u0131 Milli Park M\u00fcd\u00fcrl\u00fc\u011f\u00fc ekipleri de, a\u011fa\u00e7lar\u0131n yo\u011fun oldu\u011fu b\u00f6lgelerde biriken kuru i\u011fne yapraklar\u0131n\u0131 ve dallar\u0131 toplayarak g\u00fcvenli bir alan olu\u015fturdu. \u00c7al\u0131\u015fmalar s\u0131ras\u0131nda yol kenar\u0131nda olu\u015fan bitki y\u0131\u011f\u0131nlar\u0131 temizlenirken, yang\u0131nlara kar\u015f\u0131 \u00f6nleyici tedbirlerin al\u0131nmaya devam edece\u011fi \u00f6\u011frenildi.<\/p>\n<p>Konu ile ilgili Dilek Yar\u0131madas\u0131 B\u00fcy\u00fck Menderes Deltas\u0131 Milli Park\u0131\u2019ndan yap\u0131lan a\u00e7\u0131klamada &#8220;Milli Park M\u00fcd\u00fcrl\u00fc\u011f\u00fcm\u00fczce orman yang\u0131n\u0131 riskini en aza indirmek i\u00e7in ana yol kenar\u0131nda biriken kuru dal ve yaprak \u00f6rt\u00fcs\u00fc temizli\u011fi \u00e7al\u0131\u015fmalar\u0131m\u0131z d\u00fczenli olarak devam etmektedir&#8221; ifadeleri yer ald\u0131.<br \/><\/p>\n","protected":false},"excerpt":{"rendered":"<p>Yaban hayat\u0131n\u0131n son s\u0131\u011f\u0131na\u011f\u0131 konumunda bulunan Dilek Yar\u0131madas\u0131 Milli Park\u0131\u2019nda yang\u0131nlara kar\u015f\u0131 \u00f6nleyici tedbirler al\u0131nmaya devam ederken, ekipler yang\u0131n riskini azaltmak i\u00e7in ana yol kenarlar\u0131nda biriken kuru dal ve yapraklar\u0131 temizledi. Ayd\u0131n\u2019\u0131n Ku\u015fadas\u0131 il\u00e7esindeki Dilek Yar\u0131madas\u0131 B\u00fcy\u00fck Menderes Deltas\u0131 Milli Park\u0131\u2019nda, orman yang\u0131nlar\u0131n\u0131 \u00f6nlemeye y\u00f6nelik temizlik \u00e7al\u0131\u015fmalar\u0131 aral\u0131ks\u0131z s\u00fcr\u00fcyor. Milli Park M\u00fcd\u00fcrl\u00fc\u011f\u00fc ekipleri, \u00f6zellikle yol&#8230;<\/p>\n","protected":false},"author":1,"featured_media":68712,"comment_status":"open","ping_status":"open","sticky":false,"template":"","format":"standard","meta":{"_crdt_document":"","footnotes":""},"categories":[1],"tags":[],"class_list":["post-68711","post","type-post","status-publish","format-standard","has-post-thumbnail","hentry","category-guncel"],"_links":{"self":[{"href":"https:\/\/www.egemtv.com\/index.php?rest_route=\/wp\/v2\/posts\/68711","targetHints":{"allow":["GET"]}}],"collection":[{"href":"https:\/\/www.egemtv.com\/index.php?rest_route=\/wp\/v2\/posts"}],"about":[{"href":"https:\/\/www.egemtv.com\/index.php?rest_route=\/wp\/v2\/types\/post"}],"author":[{"embeddable":true,"href":"https:\/\/www.egemtv.com\/index.php?rest_route=\/wp\/v2\/users\/1"}],"replies":[{"embeddable":true,"href":"https:\/\/www.egemtv.com\/index.php?rest_route=%2Fwp%2Fv2%2Fcomments&post=68711"}],"version-history":[{"count":1,"href":"https:\/\/www.egemtv.com\/index.php?rest_route=\/wp\/v2\/posts\/68711\/revisions"}],"predecessor-version":[{"id":68713,"href":"https:\/\/www.egemtv.com\/index.php?rest_route=\/wp\/v2\/posts\/68711\/revisions\/68713"}],"wp:featuredmedia":[{"embeddable":true,"href":"https:\/\/www.egemtv.com\/index.php?rest_route=\/wp\/v2\/media\/68712"}],"wp:attachment":[{"href":"https:\/\/www.egemtv.com\/index.php?rest_route=%2Fwp%2Fv2%2Fmedia&parent=68711"}],"wp:term":[{"taxonomy":"category","embeddable":true,"href":"https:\/\/www.egemtv.com\/index.php?rest_route=%2Fwp%2Fv2%2Fcategories&post=68711"},{"taxonomy":"post_tag","embeddable":true,"href":"https:\/\/www.egemtv.com\/index.php?rest_route=%2Fwp%2Fv2%2Ftags&post=68711"}],"curies":[{"name":"wp","href":"https:\/\/api.w.org\/{rel}","templated":true}]}}