{"id":68513,"date":"2025-11-18T17:14:58","date_gmt":"2025-11-18T14:14:58","guid":{"rendered":"https:\/\/www.egemtv.com\/?p=68513"},"modified":"2025-11-18T17:14:59","modified_gmt":"2025-11-18T14:14:59","slug":"okul-onundeki-tartisma-kanli-bitti-2-ogrenci-bicakla-yaralandi","status":"publish","type":"post","link":"https:\/\/www.egemtv.com\/?p=68513","title":{"rendered":"Okul \u00f6n\u00fcndeki tart\u0131\u015fma kanl\u0131 bitti: 2 \u00f6\u011frenci b\u0131\u00e7akla yaraland\u0131"},"content":{"rendered":"<p>Ayd\u0131n\u2019\u0131n Efeler il\u00e7esinde bulunan bir lisesin \u00f6n taraf\u0131nda bulunan parkta, hen\u00fcz bilinmeyen bir nedenle \u00e7\u0131kan tart\u0131\u015fmada 2 \u00f6\u011frenci b\u0131\u00e7akla yaraland\u0131.<br \/>\n<br \/>Olay, Fatih Mahallesi 1109 Sokak \u00fczerinde meydana geldi. Edinilen bilgiye g\u00f6re, Mimar Sinan Mesleki ve Teknik Anadolu Lisesi \u00f6n\u00fcne gelen \u0130.Y. ile M.C.A., okuldaki A.B. ve Z.T.\u2019yi d\u0131\u015far\u0131 \u00e7a\u011f\u0131rd\u0131. Okulun kar\u015f\u0131 taraf\u0131ndaki parkta bulu\u015fan gen\u00e7ler aras\u0131nda hen\u00fcz bilinmeyen bir nedenle tart\u0131\u015fma \u00e7\u0131kt\u0131. Tart\u0131\u015fma esnas\u0131nda \u0130.Y. ve M.C.A. isimli 2 \u015f\u00fcpheli Z.T. ile A.B.\u2019yi b\u0131\u00e7akla yaralad\u0131. \u015e\u00fcpheliler olay yerinden ka\u00e7arken, vatanda\u015flar durumu 112 Acil \u00c7a\u011fr\u0131 Merkezi\u2019ne bildirdi. \u0130hbar \u00fczerine b\u00f6lgeye sa\u011fl\u0131k ve polis ekipleri sevk edildi. K\u0131sa s\u00fcrede olay yerine gelen sa\u011fl\u0131k ekipleri, yaral\u0131lar\u0131 ilk m\u00fcdahalelerinin ard\u0131ndan ambulansla AD\u00dc Ara\u015ft\u0131rma ve Uygulama Hastanesi\u2019ne kald\u0131rd\u0131. Polis, okul ve \u00e7evresinde inceleme ger\u00e7ekle\u015ftirirken, ka\u00e7an \u015f\u00fcphelilerin yakalanmas\u0131 i\u00e7in \u00e7al\u0131\u015fma ba\u015flat\u0131ld\u0131.<br \/>\n<br \/>Yaral\u0131 \u00f6\u011frencilerin hayati tehlikelerinin olmad\u0131\u011f\u0131 \u00f6\u011frenilirken, olayla ilgili inceleme s\u00fcr\u00fcyor.<br \/><\/p>\n","protected":false},"excerpt":{"rendered":"<p>Ayd\u0131n\u2019\u0131n Efeler il\u00e7esinde bulunan bir lisesin \u00f6n taraf\u0131nda bulunan parkta, hen\u00fcz bilinmeyen bir nedenle \u00e7\u0131kan tart\u0131\u015fmada 2 \u00f6\u011frenci b\u0131\u00e7akla yaraland\u0131. Olay, Fatih Mahallesi 1109 Sokak \u00fczerinde meydana geldi. Edinilen bilgiye g\u00f6re, Mimar Sinan Mesleki ve Teknik Anadolu Lisesi \u00f6n\u00fcne gelen \u0130.Y. ile M.C.A., okuldaki A.B. ve Z.T.\u2019yi d\u0131\u015far\u0131 \u00e7a\u011f\u0131rd\u0131. Okulun kar\u015f\u0131 taraf\u0131ndaki parkta bulu\u015fan gen\u00e7ler&#8230;<\/p>\n","protected":false},"author":1,"featured_media":68514,"comment_status":"open","ping_status":"open","sticky":false,"template":"","format":"standard","meta":{"_crdt_document":"","footnotes":""},"categories":[5],"tags":[],"class_list":["post-68513","post","type-post","status-publish","format-standard","has-post-thumbnail","hentry","category-asayis"],"_links":{"self":[{"href":"https:\/\/www.egemtv.com\/index.php?rest_route=\/wp\/v2\/posts\/68513","targetHints":{"allow":["GET"]}}],"collection":[{"href":"https:\/\/www.egemtv.com\/index.php?rest_route=\/wp\/v2\/posts"}],"about":[{"href":"https:\/\/www.egemtv.com\/index.php?rest_route=\/wp\/v2\/types\/post"}],"author":[{"embeddable":true,"href":"https:\/\/www.egemtv.com\/index.php?rest_route=\/wp\/v2\/users\/1"}],"replies":[{"embeddable":true,"href":"https:\/\/www.egemtv.com\/index.php?rest_route=%2Fwp%2Fv2%2Fcomments&post=68513"}],"version-history":[{"count":1,"href":"https:\/\/www.egemtv.com\/index.php?rest_route=\/wp\/v2\/posts\/68513\/revisions"}],"predecessor-version":[{"id":68515,"href":"https:\/\/www.egemtv.com\/index.php?rest_route=\/wp\/v2\/posts\/68513\/revisions\/68515"}],"wp:featuredmedia":[{"embeddable":true,"href":"https:\/\/www.egemtv.com\/index.php?rest_route=\/wp\/v2\/media\/68514"}],"wp:attachment":[{"href":"https:\/\/www.egemtv.com\/index.php?rest_route=%2Fwp%2Fv2%2Fmedia&parent=68513"}],"wp:term":[{"taxonomy":"category","embeddable":true,"href":"https:\/\/www.egemtv.com\/index.php?rest_route=%2Fwp%2Fv2%2Fcategories&post=68513"},{"taxonomy":"post_tag","embeddable":true,"href":"https:\/\/www.egemtv.com\/index.php?rest_route=%2Fwp%2Fv2%2Ftags&post=68513"}],"curies":[{"name":"wp","href":"https:\/\/api.w.org\/{rel}","templated":true}]}}