{"id":68510,"date":"2025-11-18T17:14:58","date_gmt":"2025-11-18T14:14:58","guid":{"rendered":"https:\/\/www.egemtv.com\/?p=68510"},"modified":"2025-11-18T17:14:58","modified_gmt":"2025-11-18T14:14:58","slug":"baskan-arikan-iki-buyuk-proje-calismalarinin-mujdesini-verdi","status":"publish","type":"post","link":"https:\/\/www.egemtv.com\/?p=68510","title":{"rendered":"Ba\u015fkan Ar\u0131kan, iki b\u00fcy\u00fck proje \u00e7al\u0131\u015fmalar\u0131n\u0131n m\u00fcjdesini verdi"},"content":{"rendered":"<p>S\u00f6ke Belediye Ba\u015fkan\u0131 Dr. Mustafa \u0130berya Ar\u0131kan, esnaf ve vatanda\u015f ziyaretleri s\u0131ras\u0131nda il\u00e7eye kazand\u0131r\u0131lmas\u0131 planlanan iki \u00f6nemli projeyle ilgili ilk bilgileri payla\u015ft\u0131. Ba\u015fkan Ar\u0131kan, hem Atat\u00fcrk Park\u0131\u2019n\u0131n yenilenmesi hem de H\u00fck\u00fcmet Meydan\u0131\u2019ndaki d\u00f6n\u00fc\u015f\u00fcm i\u00e7in \u00e7al\u0131\u015fmalar\u0131n h\u0131zla s\u00fcrd\u00fc\u011f\u00fcn\u00fc a\u00e7\u0131klad\u0131.<\/p>\n<p>Ba\u015fkan Ar\u0131kan, S\u00f6kelilerin uzun s\u00fcredir talep etti\u011fi Atat\u00fcrk Park\u0131\u2019n\u0131n yeniden d\u00fczenlenmesine ili\u015fkin haz\u0131rlanan projenin \u00c7evre ve \u015eehircilik Bakanl\u0131\u011f\u0131\u2019na sunuldu\u011funu belirtti. Yakla\u015f\u0131k 200 milyon TL b\u00fct\u00e7eli bu b\u00fcy\u00fck projenin onaylanmas\u0131 halinde \u00e7al\u0131\u015fmalar\u0131n k\u0131sa s\u00fcrede ba\u015flayaca\u011f\u0131n\u0131 ifade etti.<br \/>\n<br \/>Bir di\u011fer \u00f6nemli m\u00fcjde ise H\u00fck\u00fcmet Kona\u011f\u0131 ile ilgili oldu. Kona\u011f\u0131n kesin olarak y\u0131k\u0131laca\u011f\u0131n\u0131 s\u00f6yleyen Ba\u015fkan Ar\u0131kan, yerine S\u00f6ke\u2019ye yak\u0131\u015f\u0131r modern bir meydan d\u00fczenlemesi yap\u0131laca\u011f\u0131n\u0131 kaydetti. Meydan projesi kapsam\u0131nda yer alt\u0131 otopark\u0131 da planland\u0131\u011f\u0131n\u0131 aktaran Ar\u0131kan, bu sayede il\u00e7enin otopark kaynakl\u0131 trafik sorunlar\u0131n\u0131n \u00f6nemli \u00f6l\u00e7\u00fcde \u00e7\u00f6z\u00fclece\u011fini vurgulad\u0131.<\/p>\n<p>Ziyaretleri s\u0131ras\u0131nda gelenek haline getirdi\u011fi an\u0131nda \u00e7\u00f6z\u00fcm uygulamas\u0131n\u0131 da s\u00fcrd\u00fcren Ba\u015fkan Ar\u0131kan, vatanda\u015flardan iletilen talepleri an\u0131nda ilgili birimlere y\u00f6nlendirerek h\u0131zl\u0131 \u00e7\u00f6z\u00fcm s\u00fcrecini devam ettirdi.<\/p>\n<p>Ba\u015fkan Ar\u0131kan\u2019\u0131n halk\u0131n i\u00e7inde y\u00f6netim anlay\u0131\u015f\u0131, hem esnaf hem de vatanda\u015flar taraf\u0131ndan yine memnuniyetle kar\u015f\u0131land\u0131.<br \/><\/p>\n","protected":false},"excerpt":{"rendered":"<p>S\u00f6ke Belediye Ba\u015fkan\u0131 Dr. Mustafa \u0130berya Ar\u0131kan, esnaf ve vatanda\u015f ziyaretleri s\u0131ras\u0131nda il\u00e7eye kazand\u0131r\u0131lmas\u0131 planlanan iki \u00f6nemli projeyle ilgili ilk bilgileri payla\u015ft\u0131. Ba\u015fkan Ar\u0131kan, hem Atat\u00fcrk Park\u0131\u2019n\u0131n yenilenmesi hem de H\u00fck\u00fcmet Meydan\u0131\u2019ndaki d\u00f6n\u00fc\u015f\u00fcm i\u00e7in \u00e7al\u0131\u015fmalar\u0131n h\u0131zla s\u00fcrd\u00fc\u011f\u00fcn\u00fc a\u00e7\u0131klad\u0131. Ba\u015fkan Ar\u0131kan, S\u00f6kelilerin uzun s\u00fcredir talep etti\u011fi Atat\u00fcrk Park\u0131\u2019n\u0131n yeniden d\u00fczenlenmesine ili\u015fkin haz\u0131rlanan projenin \u00c7evre ve \u015eehircilik&#8230;<\/p>\n","protected":false},"author":1,"featured_media":68511,"comment_status":"open","ping_status":"open","sticky":false,"template":"","format":"standard","meta":{"_crdt_document":"","footnotes":""},"categories":[127],"tags":[],"class_list":["post-68510","post","type-post","status-publish","format-standard","has-post-thumbnail","hentry","category-siyaset"],"_links":{"self":[{"href":"https:\/\/www.egemtv.com\/index.php?rest_route=\/wp\/v2\/posts\/68510","targetHints":{"allow":["GET"]}}],"collection":[{"href":"https:\/\/www.egemtv.com\/index.php?rest_route=\/wp\/v2\/posts"}],"about":[{"href":"https:\/\/www.egemtv.com\/index.php?rest_route=\/wp\/v2\/types\/post"}],"author":[{"embeddable":true,"href":"https:\/\/www.egemtv.com\/index.php?rest_route=\/wp\/v2\/users\/1"}],"replies":[{"embeddable":true,"href":"https:\/\/www.egemtv.com\/index.php?rest_route=%2Fwp%2Fv2%2Fcomments&post=68510"}],"version-history":[{"count":1,"href":"https:\/\/www.egemtv.com\/index.php?rest_route=\/wp\/v2\/posts\/68510\/revisions"}],"predecessor-version":[{"id":68512,"href":"https:\/\/www.egemtv.com\/index.php?rest_route=\/wp\/v2\/posts\/68510\/revisions\/68512"}],"wp:featuredmedia":[{"embeddable":true,"href":"https:\/\/www.egemtv.com\/index.php?rest_route=\/wp\/v2\/media\/68511"}],"wp:attachment":[{"href":"https:\/\/www.egemtv.com\/index.php?rest_route=%2Fwp%2Fv2%2Fmedia&parent=68510"}],"wp:term":[{"taxonomy":"category","embeddable":true,"href":"https:\/\/www.egemtv.com\/index.php?rest_route=%2Fwp%2Fv2%2Fcategories&post=68510"},{"taxonomy":"post_tag","embeddable":true,"href":"https:\/\/www.egemtv.com\/index.php?rest_route=%2Fwp%2Fv2%2Ftags&post=68510"}],"curies":[{"name":"wp","href":"https:\/\/api.w.org\/{rel}","templated":true}]}}