{"id":68504,"date":"2025-11-18T16:55:49","date_gmt":"2025-11-18T13:55:49","guid":{"rendered":"https:\/\/www.egemtv.com\/?p=68504"},"modified":"2025-11-18T16:55:49","modified_gmt":"2025-11-18T13:55:49","slug":"denizli-osbde-sanayinin-gelecegi-yapay-zekayla-sekilleniyor","status":"publish","type":"post","link":"https:\/\/www.egemtv.com\/?p=68504","title":{"rendered":"Denizli OSB\u2019de sanayinin gelece\u011fi yapay zekayla \u015fekilleniyor"},"content":{"rendered":"<p>Denizli OSB Teknopark, G\u00fcney Ege Kalk\u0131nma Ajans\u0131 (GEKA) ve Pamukkale \u00dcniversitesi i\u015f birli\u011fiyle Denizli Organize Sanayi B\u00f6lgesi M\u00fcd\u00fcrl\u00fc\u011f\u00fc ev sahipli\u011finde &#8220;Yapay Zeks ile Sanayide D\u00f6n\u00fc\u015f\u00fcm&#8221; paneli d\u00fczenlendi.<\/p>\n<p>Denizli OSB B\u00f6lge M\u00fcd\u00fcrl\u00fc\u011f\u00fc Konferans Salonu\u2019nda ger\u00e7ekle\u015ftirilen etkinli\u011fe; Pamukkale \u00dcniversitesi Rekt\u00f6r\u00fc Prof. Dr. Mahmud G\u00fcng\u00f6r, Denizli OSB Y\u00f6netim Kurulu Ba\u015fkan\u0131 Derya Baltal\u0131, PA\u00dc Rekt\u00f6r Yard\u0131mc\u0131s\u0131 ve Denizli OSB Teknopark Genel M\u00fcd\u00fcr\u00fc Prof. Dr. Ersan \u00d6z, Rekt\u00f6r Yard\u0131mc\u0131s\u0131 Prof. Dr. Mehmet \u0130nel, GEKA Genel Sekreteri \u00dcmit G\u00fclya\u011f\u0131, Denizli OSB Y\u00f6netim Kurulu Ba\u015fkan Vekili Selim Yaymano\u011flu, Y\u00f6netim Kurulu \u00dcyesi Mehmet \u00c7al\u0131\u015fkan, B\u00f6lge M\u00fcd\u00fcr\u00fc Ahmet Ta\u015f, Pamukkale Teknokent Genel M\u00fcd\u00fcr\u00fc Prof. Dr. \u0130brahim Aksel, dekanlar, MYO m\u00fcd\u00fcrleri, \u00f6\u011fretim \u00fcyeleri ve \u00e7ok say\u0131da sanayici kat\u0131ld\u0131.<\/p>\n<p>Denizli OSB y\u00f6netime geldikleri g\u00fcnden bu yana Denizli\u2019nin her alanda daha fazla ekonomik, \u00e7evre ve s\u00fcrd\u00fcrebilirlik anlam\u0131nda Avrupa standartlar\u0131nda \u00fcretim yapabilmesi i\u00e7in \u00e7al\u0131\u015ft\u0131klar\u0131n\u0131 belirten OSB Y\u00f6netim Kurulu Ba\u015fkan\u0131 Derya Baltal\u0131, &#8220;E\u011fitimler ve \u00e7al\u0131\u015fmalar h\u0131z kesmeden devam ediyor. Bizde mevcut Organize Sanayi B\u00f6lgesi Teknopark\u0131m\u0131z\u0131n bug\u00fcnlerde ihalesi yap\u0131lacak firman\u0131n verilece\u011fi s\u00f6z konusu. K\u0131sa s\u00fcrede bu \u00e7al\u0131\u015fmam\u0131z\u0131 bitirmek istiyoruz. Teknopark y\u00f6netim kurulu ve Organize Sanayi Y\u00f6netim kurulumuz G\u00fcney Ege Kalk\u0131nma Ajans\u0131\u2019yla (GEKA) yapay zeka konusundaki entegrasyonun bizim sekt\u00f6rde neler sa\u011flayaca\u011f\u0131 ile ilgili d\u00fc\u015f\u00fcncelerimiz olu\u015ftu. Yapaca\u011f\u0131m\u0131z toplant\u0131larla beraber entegrasyonumuzu sa\u011flayaca\u011f\u0131z. Firmalar\u0131m\u0131z\u0131 ziyaret edece\u011fiz ve rapor edece\u011fiz. Organize Sanayisi i\u00e7in verimli bir toplant\u0131 oldu. \u015euanda DOSTEK kolejimizin bin 40 \u00f6\u011frencisi var. \u00d6n\u00fcm\u00fczdeki g\u00fcnlerde okuldan mezun olan arkada\u015flar\u0131m\u0131z \u00fcniversite de okurken bizim fabrikalarda her anlamda yukar\u0131ya seviyeye \u00e7\u0131karacaklar\u0131n\u0131 inan\u0131yoruz&#8221; dedi.<\/p>\n<p>T\u00fcrkiye\u2019nin yapay zeka kullan\u0131m\u0131nda Avrupa \u00fclkelerinin gerisinde oldu\u011funu belirten GEKA Genel Sekreteri \u00dcmit G\u00fclya\u011f\u0131 ise &#8220;Toplant\u0131 olduk\u00e7a nitelikli ge\u00e7ti. Yo\u011fun bir kat\u0131l\u0131mc\u0131 vard\u0131. \u0130\u00e7erik olarak yapay zeka konusu sunumlar ile kat\u0131l\u0131mc\u0131lara anlat\u0131ld\u0131. Uzmanlar\u0131m\u0131z, yapay zekay\u0131 hangi alanlarda nas\u0131l kullan\u0131laca\u011f\u0131n\u0131 kat\u0131l\u0131mc\u0131lara bilgiler verildi. Program kapsam\u0131nda 19 ba\u015fl\u0131k alt\u0131nda dan\u0131\u015fmanl\u0131k deste\u011fi sa\u011fl\u0131yoruz. T\u00fcrkiye\u2019de ilk defa uygulanacak bir projemiz. Hala yapay zekada Avrupa kullan\u0131m oranlar\u0131n\u0131n alt\u0131nday\u0131z. Avrupa\u2019daki b\u00fcy\u00fck i\u015fletmeler y\u00fczde 49 oran\u0131nda kullan\u0131m oran\u0131na sahip. T\u00fcrkiye\u2019de ise y\u00fczde 24\u2019deyiz&#8221; \u015feklinde konu\u015ftu.<br \/><\/p>\n","protected":false},"excerpt":{"rendered":"<p>Denizli OSB Teknopark, G\u00fcney Ege Kalk\u0131nma Ajans\u0131 (GEKA) ve Pamukkale \u00dcniversitesi i\u015f birli\u011fiyle Denizli Organize Sanayi B\u00f6lgesi M\u00fcd\u00fcrl\u00fc\u011f\u00fc ev sahipli\u011finde &#8220;Yapay Zeks ile Sanayide D\u00f6n\u00fc\u015f\u00fcm&#8221; paneli d\u00fczenlendi. Denizli OSB B\u00f6lge M\u00fcd\u00fcrl\u00fc\u011f\u00fc Konferans Salonu\u2019nda ger\u00e7ekle\u015ftirilen etkinli\u011fe; Pamukkale \u00dcniversitesi Rekt\u00f6r\u00fc Prof. Dr. Mahmud G\u00fcng\u00f6r, Denizli OSB Y\u00f6netim Kurulu Ba\u015fkan\u0131 Derya Baltal\u0131, PA\u00dc Rekt\u00f6r Yard\u0131mc\u0131s\u0131 ve Denizli OSB&#8230;<\/p>\n","protected":false},"author":1,"featured_media":68505,"comment_status":"open","ping_status":"open","sticky":false,"template":"","format":"standard","meta":{"_crdt_document":"","footnotes":""},"categories":[125],"tags":[],"class_list":["post-68504","post","type-post","status-publish","format-standard","has-post-thumbnail","hentry","category-ekonomi"],"_links":{"self":[{"href":"https:\/\/www.egemtv.com\/index.php?rest_route=\/wp\/v2\/posts\/68504","targetHints":{"allow":["GET"]}}],"collection":[{"href":"https:\/\/www.egemtv.com\/index.php?rest_route=\/wp\/v2\/posts"}],"about":[{"href":"https:\/\/www.egemtv.com\/index.php?rest_route=\/wp\/v2\/types\/post"}],"author":[{"embeddable":true,"href":"https:\/\/www.egemtv.com\/index.php?rest_route=\/wp\/v2\/users\/1"}],"replies":[{"embeddable":true,"href":"https:\/\/www.egemtv.com\/index.php?rest_route=%2Fwp%2Fv2%2Fcomments&post=68504"}],"version-history":[{"count":1,"href":"https:\/\/www.egemtv.com\/index.php?rest_route=\/wp\/v2\/posts\/68504\/revisions"}],"predecessor-version":[{"id":68506,"href":"https:\/\/www.egemtv.com\/index.php?rest_route=\/wp\/v2\/posts\/68504\/revisions\/68506"}],"wp:featuredmedia":[{"embeddable":true,"href":"https:\/\/www.egemtv.com\/index.php?rest_route=\/wp\/v2\/media\/68505"}],"wp:attachment":[{"href":"https:\/\/www.egemtv.com\/index.php?rest_route=%2Fwp%2Fv2%2Fmedia&parent=68504"}],"wp:term":[{"taxonomy":"category","embeddable":true,"href":"https:\/\/www.egemtv.com\/index.php?rest_route=%2Fwp%2Fv2%2Fcategories&post=68504"},{"taxonomy":"post_tag","embeddable":true,"href":"https:\/\/www.egemtv.com\/index.php?rest_route=%2Fwp%2Fv2%2Ftags&post=68504"}],"curies":[{"name":"wp","href":"https:\/\/api.w.org\/{rel}","templated":true}]}}