{"id":68498,"date":"2025-11-18T16:14:52","date_gmt":"2025-11-18T13:14:52","guid":{"rendered":"https:\/\/www.egemtv.com\/?p=68498"},"modified":"2025-11-18T16:14:52","modified_gmt":"2025-11-18T13:14:52","slug":"buyuksehir-kitap-kulubu-okuma-eylemini-toplumsal-bir-deneyime-donusturuyor","status":"publish","type":"post","link":"https:\/\/www.egemtv.com\/?p=68498","title":{"rendered":"B\u00fcy\u00fck\u015fehir Kitap Kul\u00fcb\u00fc okuma eylemini toplumsal bir deneyime d\u00f6n\u00fc\u015ft\u00fcr\u00fcyor"},"content":{"rendered":"<p>Mu\u011fla B\u00fcy\u00fck\u015fehir Belediyesi Kitap Kul\u00fcb\u00fc, okuma eylemini toplumsal bir deneyime d\u00f6n\u00fc\u015ft\u00fcrmek i\u00e7in be\u015f y\u0131ld\u0131r \u00e7al\u0131\u015fmalar\u0131n\u0131 s\u00fcrd\u00fcr\u00fcyor.<br \/>\n<br \/>Mu\u011fla B\u00fcy\u00fck\u015fehir Belediyesi K\u00fct\u00fcphaneleri b\u00fcnyesinde kurulan Kitap Kul\u00fcb\u00fc, d\u00fczenledi\u011fi yazar bulu\u015fmalar\u0131 ve ile Mu\u011fla\u2019da kitap okuma eyleminin geni\u015f kitlelere ula\u015fmas\u0131n\u0131 sa\u011fl\u0131yor. T\u00fcrk ve D\u00fcnya Edebiyat\u0131\u2019ndan se\u00e7ilen eserleri temsil etti\u011fi edebi ak\u0131mlar ve yazarlar\u0131n biyografik ge\u00e7mi\u015fi ile ele alarak de\u011ferlendiren Kitap Kul\u00fcb\u00fc, her ay d\u00fczenledi\u011fi sal\u0131 bulu\u015fmalar\u0131 ile kitapseverleri bir araya getiriyor.<br \/>\n<br \/>Mu\u011fla B\u00fcy\u00fck\u015fehir Belediyesi Kitap Kul\u00fcb\u00fc kuruldu\u011fu g\u00fcnden bug\u00fcne T\u00fcrk Edebiyat\u0131\u2019n\u0131n \u00f6nemli isimlerini yazar bulu\u015fmalar\u0131 ile Mu\u011fla\u2019da kitapseverlerle bulu\u015fturdu. Kitap Kul\u00fcb\u00fc Mine S\u00f6\u011f\u00fct, Figen \u015eakac\u0131, Oya Baydar, Murat Mente\u015f ve Latife Tekin gibi yazarlar\u0131 Mu\u011fla\u2019da okuyucular\u0131 ile bulu\u015fturdu. B\u00fcy\u00fck\u015fehir Belediyesi Kitap Kul\u00fcb\u00fc yan\u0131nda Tiyatro (Oyun) Okumalar\u0131 Kul\u00fcb\u00fc ve Klasikler Okuma Toplulu\u011fu ile de kitapseverleri bir araya getiriyor.<br \/>\n<br \/>37 Bin kitap ve eser vatanda\u015f\u0131n hizmetinde<br \/>\n<br \/>Mu\u011fla B\u00fcy\u00fck\u015fehir Belediyesi T\u00fcrkan Saylan \u00c7a\u011fda\u015f Ya\u015fam Merkezi i\u00e7erisinde bulunan 4 farkl\u0131 \u00f6zellikteki k\u00fct\u00fcphanesi ile de bilginin merkezi olmaya devam ediyor. Ya\u015fam Merkezi i\u00e7erisinde B\u00fcy\u00fck\u015fehir Belediyesi K\u00fct\u00fcphanesi 20 bin, \u00c7ocuk K\u00fct\u00fcphanesi 5 bin, Oktay Akbal Edebiyat Kitapl\u0131\u011f\u0131 6 bin ve \u00dcnal T\u00fcrke\u015f Tarih Kitapl\u0131\u011f\u0131 bin be\u015f y\u00fcz kitap ile okuyuculara hizmet veriyor. Toplam 37 bin kitap ve eseri vatanda\u015flarla bulu\u015fturan B\u00fcy\u00fck\u015fehir Belediyesi Mu\u011fla sevdal\u0131s\u0131 Oktay Akbal ve Mu\u011fla\u2019n\u0131n haf\u0131zas\u0131 \u00dcnal T\u00fcrke\u015f\u2019i de ar\u015fivleriyle bu ya\u015fam merkezinde ya\u015fat\u0131yor. T\u00fcrkan Saylan \u00c7a\u011fda\u015f Ya\u015fam Merkezi k\u00fct\u00fcphane ve \u00e7al\u0131\u015fma salonlar\u0131na bug\u00fcne kadar 6 bin 905 ki\u015fi \u00fcye oldu ve bu merkezlerden 280 bin kullan\u0131c\u0131 yararland\u0131. Bug\u00fcne kadar toplam 111 bin 200 kitap \u00fcyeler taraf\u0131ndan \u00f6d\u00fcn\u00e7 al\u0131nd\u0131.<br \/>\n<br \/>Ba\u015fkan Aras; &#8220;Bir kentin k\u00fclt\u00fcr at\u00f6lyesi olan k\u00fct\u00fcphaneler ara\u015ft\u0131rmak, okumak isteyenleri bekliyor&#8221;<br \/>\n<br \/>K\u0131y\u0131 Ege Belediyeler Birli\u011fi ve Mu\u011fla B\u00fcy\u00fck\u015fehir Belediye Ba\u015fkan\u0131 Ahmet Aras; kitaplar\u0131n, k\u00fct\u00fcphanelerin altyap\u0131 ve yol gibi bir \u015fehrin temel ihtiya\u00e7lar\u0131 oldu\u011funu, t\u00fcm vatanda\u015flar\u0131n kitaplara, bilgiye ula\u015fmas\u0131 i\u00e7in k\u00fclt\u00fcrel projelere devam edeceklerini belirtti.<br \/>\n<br \/>Ba\u015fkan Aras;&#8221; Kitaplarla dolu, bir kentin k\u00fclt\u00fcr at\u00f6lyesi olan k\u00fct\u00fcphaneler ara\u015ft\u0131rmak, okumak isteyenleri bekliyor. Mu\u011fla\u2019da B\u00fcy\u00fck\u015fehir Belediye\u2019miz b\u00fcnyesinde hizmet veren k\u00fct\u00fcphanelerimiz, kitap kul\u00fcplerimiz her ya\u015ftan okuyucuyu bir araya getiriyor. \u00d6zellikle kitap kul\u00fcplerimiz bireysel okuma al\u0131\u015fkanl\u0131klar\u0131n\u0131 kolektif bir k\u00fclt\u00fcr hareketine d\u00f6n\u00fc\u015ft\u00fcrmeyi ba\u015fard\u0131. Kat\u0131l\u0131mc\u0131lar yaln\u0131zca bir kitab\u0131 de\u011fil bir d\u00fc\u015f\u00fcnce bi\u00e7imini, bir topluluk ruhunu da payla\u015farak kendilerini geli\u015ftiriyor. K\u00fclt\u00fcr\u00fcn ve sanat\u0131n \u015fehri Mu\u011fla\u2019da vatanda\u015flar\u0131m\u0131z \u00f6zg\u00fcr d\u00fc\u015f\u00fcnce kal\u0131plar\u0131 i\u00e7inde ya\u015famaya, fikri, vicdan\u0131, irfan\u0131 h\u00fcr nesiller yeti\u015ftirmeye devam edecek&#8221; dedi.<br \/><\/p>\n","protected":false},"excerpt":{"rendered":"<p>Mu\u011fla B\u00fcy\u00fck\u015fehir Belediyesi Kitap Kul\u00fcb\u00fc, okuma eylemini toplumsal bir deneyime d\u00f6n\u00fc\u015ft\u00fcrmek i\u00e7in be\u015f y\u0131ld\u0131r \u00e7al\u0131\u015fmalar\u0131n\u0131 s\u00fcrd\u00fcr\u00fcyor. Mu\u011fla B\u00fcy\u00fck\u015fehir Belediyesi K\u00fct\u00fcphaneleri b\u00fcnyesinde kurulan Kitap Kul\u00fcb\u00fc, d\u00fczenledi\u011fi yazar bulu\u015fmalar\u0131 ve ile Mu\u011fla\u2019da kitap okuma eyleminin geni\u015f kitlelere ula\u015fmas\u0131n\u0131 sa\u011fl\u0131yor. T\u00fcrk ve D\u00fcnya Edebiyat\u0131\u2019ndan se\u00e7ilen eserleri temsil etti\u011fi edebi ak\u0131mlar ve yazarlar\u0131n biyografik ge\u00e7mi\u015fi ile ele alarak de\u011ferlendiren&#8230;<\/p>\n","protected":false},"author":1,"featured_media":68499,"comment_status":"open","ping_status":"open","sticky":false,"template":"","format":"standard","meta":{"_crdt_document":"","footnotes":""},"categories":[1],"tags":[],"class_list":["post-68498","post","type-post","status-publish","format-standard","has-post-thumbnail","hentry","category-guncel"],"_links":{"self":[{"href":"https:\/\/www.egemtv.com\/index.php?rest_route=\/wp\/v2\/posts\/68498","targetHints":{"allow":["GET"]}}],"collection":[{"href":"https:\/\/www.egemtv.com\/index.php?rest_route=\/wp\/v2\/posts"}],"about":[{"href":"https:\/\/www.egemtv.com\/index.php?rest_route=\/wp\/v2\/types\/post"}],"author":[{"embeddable":true,"href":"https:\/\/www.egemtv.com\/index.php?rest_route=\/wp\/v2\/users\/1"}],"replies":[{"embeddable":true,"href":"https:\/\/www.egemtv.com\/index.php?rest_route=%2Fwp%2Fv2%2Fcomments&post=68498"}],"version-history":[{"count":1,"href":"https:\/\/www.egemtv.com\/index.php?rest_route=\/wp\/v2\/posts\/68498\/revisions"}],"predecessor-version":[{"id":68500,"href":"https:\/\/www.egemtv.com\/index.php?rest_route=\/wp\/v2\/posts\/68498\/revisions\/68500"}],"wp:featuredmedia":[{"embeddable":true,"href":"https:\/\/www.egemtv.com\/index.php?rest_route=\/wp\/v2\/media\/68499"}],"wp:attachment":[{"href":"https:\/\/www.egemtv.com\/index.php?rest_route=%2Fwp%2Fv2%2Fmedia&parent=68498"}],"wp:term":[{"taxonomy":"category","embeddable":true,"href":"https:\/\/www.egemtv.com\/index.php?rest_route=%2Fwp%2Fv2%2Fcategories&post=68498"},{"taxonomy":"post_tag","embeddable":true,"href":"https:\/\/www.egemtv.com\/index.php?rest_route=%2Fwp%2Fv2%2Ftags&post=68498"}],"curies":[{"name":"wp","href":"https:\/\/api.w.org\/{rel}","templated":true}]}}