{"id":68495,"date":"2025-11-18T15:54:55","date_gmt":"2025-11-18T12:54:55","guid":{"rendered":"https:\/\/www.egemtv.com\/?p=68495"},"modified":"2025-11-18T15:54:55","modified_gmt":"2025-11-18T12:54:55","slug":"dto-denizlinin-basarili-sanayici-kadinlarinin-hikayelerini-anlatiyor","status":"publish","type":"post","link":"https:\/\/www.egemtv.com\/?p=68495","title":{"rendered":"DTO, Denizli\u2019nin ba\u015far\u0131l\u0131 sanayici kad\u0131nlar\u0131n\u0131n hikayelerini anlat\u0131yor"},"content":{"rendered":"<p>Denizli Ticaret Odas\u0131 (DTO) ev sahipli\u011fi ve koordinat\u00f6rl\u00fc\u011f\u00fcnde kent sanayisinde kad\u0131n istihdam\u0131n\u0131 artt\u0131rmak amac\u0131yla d\u00fczenledi\u011fi Sanayi\u2019de Kad\u0131n Eli projesi ile 3 g\u00fcn boyunca farkl\u0131 sekt\u00f6rlerde giri\u015fimci kad\u0131nlar hem ba\u015far\u0131 hikayelerini anlatacak hem de kad\u0131nlar\u0131n ufuklar\u0131n\u0131 a\u00e7may\u0131 hedefliyor.<\/p>\n<p>T\u00fcrkiye Borsalar ve Odalar Birli\u011fi (TOBB), DTO ve Habitat i\u015fbirli\u011finde Sanayi\u2019de Kad\u0131n Eli Projesi ba\u015flad\u0131. DTO\u2019nun ev sahipli\u011finde ve koordinat\u00f6rl\u00fc\u011f\u00fcnde 18-20 Kas\u0131m tarihleri aras\u0131nda ger\u00e7ekle\u015fecek projenin ilk g\u00fcn\u00fcnde sanayinin her sekt\u00f6r\u00fcnde ilham kayna\u011f\u0131 olacak olan kad\u0131n giri\u015fimcilerin ba\u015far\u0131 hikayelerini ile yeni kad\u0131n giri\u015fimcilere anlatacak. Daha sonra ise kat\u0131l\u0131mc\u0131lara i\u015f modelleri ve finansal okuryazarl\u0131k konular\u0131nda e\u011fitim verilecek. Etkinli\u011fin ikinci g\u00fcn\u00fcnde ise alan\u0131nda uzman kad\u0131nlar e-ticaret ve dijital pazarlama konusunda e\u011fitim verecek. Ard\u0131ndan sekt\u00f6r temsilcisi kad\u0131nlar taraf\u0131ndan Sanayi\u2019de Kad\u0131n Olmak anlat\u0131lacak. Etkinlik yapay zeka okuryazarl\u0131\u011f\u0131 e\u011fitiminin ard\u0131ndan De\u011fi\u015fim Senin Elinde isimli panel ile son bulacak.<\/p>\n<p>&#8220;DTO\u2019nun ilk kad\u0131n ba\u015fkanvekili olmak hem gurur veriyor hem de \u00fcz\u00fcyor&#8221;<br \/>\n<br \/>Program\u0131n a\u00e7\u0131l\u0131\u015f konu\u015fmas\u0131n\u0131 ger\u00e7ekle\u015ftiren Denizli Ticaret Odas\u0131 Y\u00f6netim Kurulu Ba\u015fkan Yar\u0131mc\u0131s\u0131 Melek Karatay, &#8220;Kad\u0131n kad\u0131n\u0131n yurdudur arkada\u015flar, kurdu de\u011fil. G\u00f6rd\u00fc\u011f\u00fcn\u00fcz gibi kad\u0131n\u0131n da kad\u0131ndan ba\u015fka dinleyeni, deste\u011fi, \u00e7aresi, \u00e7\u00f6z\u00fcm\u00fc yok. Biz hep kendi kendimize konu\u015fuyoruz. Hep dertlerimizi, tasalar\u0131m\u0131z\u0131, \u00e7\u00f6z\u00fcmlerimizi kendi kendimize konu\u015fuyoruz. Sanayide kad\u0131n elinden bahsediyoruz, bahsetmeye devam edece\u011fiz. Bizim son zamanlarda hep konu\u015ftu\u011fumuz bir konu var. Hep kendi kendimize anlat\u0131yoruz. Hep en yak\u0131n\u0131m\u0131za anlat\u0131yoruz. Hep konu\u015fuyoruz ama acaba do\u011fru yere mi konu\u015fuyoruz? Do\u011fru insana m\u0131 konu\u015fuyoruz? Do\u011fru mecralarda m\u0131 anlat\u0131yoruz? Bizim acaba kendi kendimizle konu\u015fmaktan \u00e7ok biraz da d\u0131\u015far\u0131ya m\u0131 konu\u015fmaya ihtiyac\u0131m\u0131z var. Konu\u015fmac\u0131 olarak \u0130stanbul\u2019da \u00c7ok Konu\u015fan Kad\u0131nlar Zirvesi\u2019ne davetiydim. O g\u00fcnden sonra b\u00fct\u00fcn hayat mottomu onun \u00fczerine kurmaya ba\u015flad\u0131m. Evet, \u00e7ok konu\u015fuyorum. \u00c7ok konu\u015fan kad\u0131nlardan\u0131m. Denizli Ticaret Odas\u0131\u2019n\u0131n 100 y\u0131ll\u0131k tarihinde ilk kad\u0131n Y\u00f6netim Kurulu ba\u015fkanvekiliyim. Bu bir taraftan bana inan\u0131lmaz gurur veriyor. 100 y\u0131ll\u0131k tarihte ilk kad\u0131n ba\u015fkan olmak, y\u00f6netim kurulu kat\u0131ndaki tek kad\u0131n olmak ama \u00f6teki taraftan da inan\u0131lmaz derecede hay\u0131flan\u0131yorum. Hakikaten hem kad\u0131n\u0131z hem anneyiz. Hem \u00e7al\u0131\u015fan\u0131z hem i\u015fvereniz hem dert orta\u011f\u0131y\u0131z hem e\u015fiz. Her \u015feyiz, ne kadar g\u00fc\u00e7l\u00fcy\u00fcz fark\u0131ndas\u0131n\u0131z de\u011fil mi? Sanayide kad\u0131n elini konu\u015faca\u011f\u0131z TOBB\u2019un b\u00fcnyesindeki b\u00fct\u00fcn kurumlar bu konuda ne kadar b\u00fcy\u00fck kelimeler kullan\u0131yorlar? Hepsinin fark\u0131nday\u0131z ama l\u00fctfen icraata bakal\u0131m&#8221; dedi.<\/p>\n<p>&#8220;Kad\u0131nlar en zor zamanlarda \u00e7\u00f6z\u00fcm bulan, \u00fcretmeyi s\u00fcrd\u00fcren, direnciyle umut olan insanlar&#8221;<br \/>\n<br \/>Projenin yaln\u0131zca bir etkinlik olmad\u0131\u011f\u0131n\u0131, kad\u0131n eme\u011fi ve akl\u0131n\u0131n kararl\u0131\u011f\u0131n\u0131n bir araya geldi\u011fi d\u00f6n\u00fc\u015f\u00fcm hikayesi oldu\u011funu vurgulayan TOBB Denizli Kad\u0131n Giri\u015fimciler Kurulu \u0130cra Kurulu Ba\u015fkan\u0131 Ayla Ta\u015f\u00e7\u0131o\u011flu, &#8220;KADIN-SAN, ad\u0131 gibi g\u00fc\u00e7l\u00fc bir anlam ta\u015f\u0131yor. Uzun y\u0131llard\u0131r bizlere toplumsal roller bi\u00e7ildi. Kad\u0131nsan evinde olmal\u0131s\u0131n, kad\u0131nsan a\u011f\u0131r i\u015f yapamazs\u0131n, kad\u0131nsan teknolojiyle ne i\u015fin olur? Ama biz biliyoruz ki kad\u0131nsak yapar\u0131z, \u00fcretiriz, yenilik getiririz, de\u011fi\u015ftiririz. Sanayinin her kolunda makine ba\u015f\u0131nda, tasar\u0131m masas\u0131nda, y\u00f6netim kat\u0131nda, laboratuvarda art\u0131k kad\u0131n\u0131n eli var. O el yaln\u0131zca \u00fcretmiyor, ayn\u0131 zamanda d\u00f6n\u00fc\u015ft\u00fcr\u00fcyor, de\u011fi\u015ftiriyor. Bir makineyi \u00e7al\u0131\u015ft\u0131r\u0131rken, bir sistemi kurarken bir markay\u0131 b\u00fcy\u00fct\u00fcrken asl\u0131nda gelece\u011fi yeniden \u015fekillendiriyoruz. Kad\u0131nlar en zor zamanlarda \u00e7\u00f6z\u00fcm bulan, \u00fcretmeyi s\u00fcrd\u00fcren, direnciyle umut olan insanlar. Kad\u0131nlar sanayide yaln\u0131zca bir istihdam kalemi de\u011fil, ayn\u0131 zamanda bir vizyonun ta\u015f\u0131y\u0131c\u0131s\u0131d\u0131rlar. Bug\u00fcn burada sanayide kad\u0131n\u0131n g\u00fcc\u00fcn\u00fc konu\u015faca\u011f\u0131z ama daha \u00f6nemlisi o g\u00fcc\u00fcn \u00f6n\u00fcndeki g\u00f6r\u00fcnmez duvarlar\u0131 y\u0131kaca\u011f\u0131z. E\u011fitimle, cesaretle ve dayan\u0131\u015fmayla&#8221; ifadelerini kulland\u0131.<br \/><\/p>\n","protected":false},"excerpt":{"rendered":"<p>Denizli Ticaret Odas\u0131 (DTO) ev sahipli\u011fi ve koordinat\u00f6rl\u00fc\u011f\u00fcnde kent sanayisinde kad\u0131n istihdam\u0131n\u0131 artt\u0131rmak amac\u0131yla d\u00fczenledi\u011fi Sanayi\u2019de Kad\u0131n Eli projesi ile 3 g\u00fcn boyunca farkl\u0131 sekt\u00f6rlerde giri\u015fimci kad\u0131nlar hem ba\u015far\u0131 hikayelerini anlatacak hem de kad\u0131nlar\u0131n ufuklar\u0131n\u0131 a\u00e7may\u0131 hedefliyor. T\u00fcrkiye Borsalar ve Odalar Birli\u011fi (TOBB), DTO ve Habitat i\u015fbirli\u011finde Sanayi\u2019de Kad\u0131n Eli Projesi ba\u015flad\u0131. DTO\u2019nun ev sahipli\u011finde&#8230;<\/p>\n","protected":false},"author":1,"featured_media":68496,"comment_status":"open","ping_status":"open","sticky":false,"template":"","format":"standard","meta":{"_crdt_document":"","footnotes":""},"categories":[125],"tags":[],"class_list":["post-68495","post","type-post","status-publish","format-standard","has-post-thumbnail","hentry","category-ekonomi"],"_links":{"self":[{"href":"https:\/\/www.egemtv.com\/index.php?rest_route=\/wp\/v2\/posts\/68495","targetHints":{"allow":["GET"]}}],"collection":[{"href":"https:\/\/www.egemtv.com\/index.php?rest_route=\/wp\/v2\/posts"}],"about":[{"href":"https:\/\/www.egemtv.com\/index.php?rest_route=\/wp\/v2\/types\/post"}],"author":[{"embeddable":true,"href":"https:\/\/www.egemtv.com\/index.php?rest_route=\/wp\/v2\/users\/1"}],"replies":[{"embeddable":true,"href":"https:\/\/www.egemtv.com\/index.php?rest_route=%2Fwp%2Fv2%2Fcomments&post=68495"}],"version-history":[{"count":1,"href":"https:\/\/www.egemtv.com\/index.php?rest_route=\/wp\/v2\/posts\/68495\/revisions"}],"predecessor-version":[{"id":68497,"href":"https:\/\/www.egemtv.com\/index.php?rest_route=\/wp\/v2\/posts\/68495\/revisions\/68497"}],"wp:featuredmedia":[{"embeddable":true,"href":"https:\/\/www.egemtv.com\/index.php?rest_route=\/wp\/v2\/media\/68496"}],"wp:attachment":[{"href":"https:\/\/www.egemtv.com\/index.php?rest_route=%2Fwp%2Fv2%2Fmedia&parent=68495"}],"wp:term":[{"taxonomy":"category","embeddable":true,"href":"https:\/\/www.egemtv.com\/index.php?rest_route=%2Fwp%2Fv2%2Fcategories&post=68495"},{"taxonomy":"post_tag","embeddable":true,"href":"https:\/\/www.egemtv.com\/index.php?rest_route=%2Fwp%2Fv2%2Ftags&post=68495"}],"curies":[{"name":"wp","href":"https:\/\/api.w.org\/{rel}","templated":true}]}}