{"id":68492,"date":"2025-11-18T15:54:54","date_gmt":"2025-11-18T12:54:54","guid":{"rendered":"https:\/\/www.egemtv.com\/?p=68492"},"modified":"2025-11-18T15:54:54","modified_gmt":"2025-11-18T12:54:54","slug":"fethiyenin-kayakoy-ve-karakecililer-mahallesinin-su-sorunu-cozuluyor","status":"publish","type":"post","link":"https:\/\/www.egemtv.com\/?p=68492","title":{"rendered":"Fethiye\u2019nin Kayak\u00f6y ve Karake\u00e7ililer Mahallesinin su sorunu \u00e7\u00f6z\u00fcl\u00fcyor"},"content":{"rendered":"<p>Mu\u011fla Su ve Kanalizasyon \u0130daresi (MUSK\u0130) Genel M\u00fcd\u00fcrl\u00fc\u011f\u00fc, Fethiye il\u00e7esine ba\u011fl\u0131 Kayak\u00f6y ve Karake\u00e7ililer Mahallelerinde ya\u015fanan i\u00e7me suyu yetersizli\u011fini \u00e7\u00f6zmek i\u00e7in yeni isale hatt\u0131 yap\u0131m\u0131na ba\u015flad\u0131.<br \/>\n<br \/>Mu\u011fla B\u00fcy\u00fck\u015fehir Belediye Ba\u015fkan\u0131 Ahmet Aras\u2019\u0131n il genelinde altyap\u0131n\u0131n g\u00fc\u00e7lendirilmesi, vatanda\u015flara sa\u011fl\u0131kl\u0131 suyun kesintisiz ula\u015ft\u0131r\u0131lmas\u0131 y\u00f6n\u00fcndeki talimatlar\u0131yla yat\u0131r\u0131mlar\u0131na devam eden MUSK\u0130 ekipleri, \u00e7al\u0131\u015fmalar\u0131na ara vermeden devam ediyor. \u00c7al\u0131\u015fmalar kapsam\u0131nda, Kayak\u00f6y ve Karake\u00e7ililer Mahallelerinde, kapasitesi yetmeyen eskimi\u015f borular\u0131n yerine modern borular d\u00f6\u015fenerek yap\u0131lacak yeni isale hatt\u0131yla, b\u00f6lgedeki vatanda\u015flar\u0131n su sorunu tamamen ortadan kalkacak.<br \/>\n<br \/>Modern ve uzun \u00f6m\u00fcrl\u00fc isale hatt\u0131 yap\u0131m\u0131na ba\u015fland\u0131<br \/>\n<br \/>MUSK\u0130 ekipleri taraf\u0131ndan b\u00f6lgedeki su sorununu \u00e7\u00f6zmek amac\u0131yla, uzun y\u0131llard\u0131r kullan\u0131lan ve yetersiz olan eski boru hatt\u0131n\u0131n yerine modern ve uzun \u00f6m\u00fcrl\u00fc isale hatt\u0131 yap\u0131m\u0131na ba\u015fland\u0131. \u00c7al\u0131\u015fmalar kapsam\u0131nda 4 kilometre uzunlu\u011funda, 200 milimetre \u00e7ap\u0131ndaki duktil boru d\u00f6\u015feniyor. \u0130malat\u0131n tamamlanmas\u0131yla birlikte mevcut sisteme her saniyede bir b\u00fcy\u00fck damacana suya e\u015fde\u011fer ek su verilecek. Bu sayede, turizm sezonunda artan n\u00fcfusun su ihtiyac\u0131 rahatl\u0131kla kar\u015f\u0131lanacak ve b\u00f6lgede uzun y\u0131llar boyunca su sorunu ya\u015fanmas\u0131n\u0131n \u00f6n\u00fcne ge\u00e7ilecek.<br \/>\n<br \/>Mahalle Muhtar\u0131 \u015eenol \u00d6zt\u00fcrk: &#8220;Yukar\u0131daki evlere su \u00e7\u0131km\u0131yordu&#8221;<br \/>\n<br \/>Yeni isale hatt\u0131n\u0131n yap\u0131m\u0131yla su problemlerinin sona erece\u011fini belirten Kayak\u00f6y Mahalle Muhtar\u0131 \u015eenol \u00d6zt\u00fcrk, &#8220;B\u00f6lgemizdeki borular 30 y\u0131ll\u0131k eski borulard\u0131. Borular\u0131n kapasitesi artan n\u00fcfusun su ihtiyac\u0131n\u0131 kar\u015f\u0131lamaya yetmiyordu. Su sorunu en b\u00fcy\u00fck derdimizdi. Derdimizi yetkililere anlatarak talepte bulunduk. Taleplerimizi h\u0131zla yerine getirip bizleri su derdinden kurtaran B\u00fcy\u00fck\u015fehir Belediye Ba\u015fkan\u0131m\u0131z Ahmet Aras\u2019a ve MUSK\u0130 Genel M\u00fcd\u00fcr\u00fcm\u00fcz Y\u0131lmaz \u015eeng\u00fcl\u2019e b\u00f6lge halk\u0131 olarak te\u015fekk\u00fcrlerimizi sunuyorum&#8221; dedi.<br \/>\n<br \/>\u0130\u015fletmeci S\u00fcleyman \u00c7oban, &#8220;Yaz\u0131n \u00e7ok sorun oluyordu&#8221;<br \/>\n<br \/>Taleplerinin h\u0131zla yerine getirildi\u011fini vurgulayan i\u015fletmeci S\u00fcleyman \u00c7oban, &#8220;Biz i\u015fletmeciler olarak \u00f6zellikle yaz aylar\u0131nda n\u00fcfus yo\u011funlu\u011fu olu\u015ftu\u011fu i\u00e7in \u00e7ok s\u0131k\u0131nt\u0131 \u00e7ekiyorduk. Artan n\u00fcfusa su yetmiyor ve biz i\u015fletmeciler olarak turizm sezonunun en yo\u011fun oldu\u011fu zamanda susuz kal\u0131yorduk. Bu konudaki taleplerimizi yetkililere iletir iletmez yeni isale hatt\u0131n\u0131n imalat\u0131na ba\u015flad\u0131lar. Sistemli ve h\u0131zl\u0131 bir bi\u00e7imde bu borular\u0131n d\u00f6\u015fenmesiyle birlikte t\u00fcm dertlerimiz sona erecek. Kayak\u00f6y esnaflar\u0131 olarak ve \u015fahs\u0131m ad\u0131na B\u00fcy\u00fck\u015fehir Belediye Ba\u015fkan\u0131m\u0131z Ahmet Aras\u2019a ve MUSK\u0130 Genel M\u00fcd\u00fcr\u00fcm\u00fcz Y\u0131lmaz \u015eeng\u00fcl\u2019e te\u015fekk\u00fcrlerimizi iletiyorum&#8221; diye ekledi.<br \/><\/p>\n","protected":false},"excerpt":{"rendered":"<p>Mu\u011fla Su ve Kanalizasyon \u0130daresi (MUSK\u0130) Genel M\u00fcd\u00fcrl\u00fc\u011f\u00fc, Fethiye il\u00e7esine ba\u011fl\u0131 Kayak\u00f6y ve Karake\u00e7ililer Mahallelerinde ya\u015fanan i\u00e7me suyu yetersizli\u011fini \u00e7\u00f6zmek i\u00e7in yeni isale hatt\u0131 yap\u0131m\u0131na ba\u015flad\u0131. Mu\u011fla B\u00fcy\u00fck\u015fehir Belediye Ba\u015fkan\u0131 Ahmet Aras\u2019\u0131n il genelinde altyap\u0131n\u0131n g\u00fc\u00e7lendirilmesi, vatanda\u015flara sa\u011fl\u0131kl\u0131 suyun kesintisiz ula\u015ft\u0131r\u0131lmas\u0131 y\u00f6n\u00fcndeki talimatlar\u0131yla yat\u0131r\u0131mlar\u0131na devam eden MUSK\u0130 ekipleri, \u00e7al\u0131\u015fmalar\u0131na ara vermeden devam ediyor. \u00c7al\u0131\u015fmalar kapsam\u0131nda,&#8230;<\/p>\n","protected":false},"author":1,"featured_media":68493,"comment_status":"open","ping_status":"open","sticky":false,"template":"","format":"standard","meta":{"_crdt_document":"","footnotes":""},"categories":[2],"tags":[],"class_list":["post-68492","post","type-post","status-publish","format-standard","has-post-thumbnail","hentry","category-saglik"],"_links":{"self":[{"href":"https:\/\/www.egemtv.com\/index.php?rest_route=\/wp\/v2\/posts\/68492","targetHints":{"allow":["GET"]}}],"collection":[{"href":"https:\/\/www.egemtv.com\/index.php?rest_route=\/wp\/v2\/posts"}],"about":[{"href":"https:\/\/www.egemtv.com\/index.php?rest_route=\/wp\/v2\/types\/post"}],"author":[{"embeddable":true,"href":"https:\/\/www.egemtv.com\/index.php?rest_route=\/wp\/v2\/users\/1"}],"replies":[{"embeddable":true,"href":"https:\/\/www.egemtv.com\/index.php?rest_route=%2Fwp%2Fv2%2Fcomments&post=68492"}],"version-history":[{"count":1,"href":"https:\/\/www.egemtv.com\/index.php?rest_route=\/wp\/v2\/posts\/68492\/revisions"}],"predecessor-version":[{"id":68494,"href":"https:\/\/www.egemtv.com\/index.php?rest_route=\/wp\/v2\/posts\/68492\/revisions\/68494"}],"wp:featuredmedia":[{"embeddable":true,"href":"https:\/\/www.egemtv.com\/index.php?rest_route=\/wp\/v2\/media\/68493"}],"wp:attachment":[{"href":"https:\/\/www.egemtv.com\/index.php?rest_route=%2Fwp%2Fv2%2Fmedia&parent=68492"}],"wp:term":[{"taxonomy":"category","embeddable":true,"href":"https:\/\/www.egemtv.com\/index.php?rest_route=%2Fwp%2Fv2%2Fcategories&post=68492"},{"taxonomy":"post_tag","embeddable":true,"href":"https:\/\/www.egemtv.com\/index.php?rest_route=%2Fwp%2Fv2%2Ftags&post=68492"}],"curies":[{"name":"wp","href":"https:\/\/api.w.org\/{rel}","templated":true}]}}