{"id":68489,"date":"2025-11-18T15:35:43","date_gmt":"2025-11-18T12:35:43","guid":{"rendered":"https:\/\/www.egemtv.com\/?p=68489"},"modified":"2025-11-18T15:35:44","modified_gmt":"2025-11-18T12:35:44","slug":"aydinda-pitaya-uretimi-genisliyor","status":"publish","type":"post","link":"https:\/\/www.egemtv.com\/?p=68489","title":{"rendered":"Ayd\u0131n\u2019da pitaya \u00fcretimi geni\u015fliyor"},"content":{"rendered":"<p>Ayd\u0131n genelinde 91 dekarl\u0131k alanda \u00fcretilen pitaya, ba\u011f\u0131\u015f\u0131kl\u0131\u011f\u0131 g\u00fc\u00e7lendiren ve sa\u011fl\u0131kl\u0131 beslenmeye katk\u0131 sa\u011flayan tropik bir se\u00e7enek olarak \u00fcretim alanlar\u0131n\u0131 geni\u015fletiyor.<\/p>\n<p>Ayd\u0131n\u2019da tropik meyveler aras\u0131nda pop\u00fclerli\u011fi artan ejder meyvesi (pitaya) \u00fcretimi, il genelinde artmaya devam ediyor. 2025 y\u0131l\u0131 \u00c7ift\u00e7i Kay\u0131t Sistemi (\u00c7KS) verilerine g\u00f6re il genelinde 14 i\u015fletmede toplam 91 dekar alanda pitaya \u00fcretimi yap\u0131l\u0131yor. Ayd\u0131n\u2019da pitaya \u00fcretimi, il\u00e7elere g\u00f6re bak\u0131ld\u0131\u011f\u0131nda Efeler\u2019de 6 i\u015fletmede 7,3 dekar, Nazilli\u2019de 2 i\u015fletmede 53,6 dekar, Germencik\u2019te 2 i\u015fletmede 22,4 dekar, \u0130ncirliova\u2019da 3 i\u015fletmede 5,9 dekar ve Bozdo\u011fan\u2019da 1 i\u015fletmede 2 dekar alanda ger\u00e7ekle\u015ftiriliyor. Pitaya, antioksidan, C vitamini, magnezyum ve demir bak\u0131m\u0131ndan zengin yap\u0131s\u0131yla ba\u011f\u0131\u015f\u0131kl\u0131k sistemini g\u00fc\u00e7lendirmesi ve sindirim sa\u011fl\u0131\u011f\u0131n\u0131 desteklemesiyle bilinirken, farkl\u0131 bir alternatif arayan \u00fcreticilerin de tercihleri aras\u0131na girmeye ba\u015flad\u0131.<\/p>\n<p>Ayd\u0131n \u0130l Tar\u0131m ve Orman M\u00fcd\u00fcr\u00fc Ayhan Temiz, Efeler \u0130l\u00e7e Tar\u0131m ve Orman M\u00fcd\u00fcr\u00fc Mehmet Esen ile birlikte pitaya \u00fcreticisi Vildan U\u011furlu\u2019yu ziyaret ederek, \u00fcretimi yerinde inceledi. Ejder meyvesi seras\u0131n\u0131 gezen Temiz, U\u011furlu\u2019dan \u00fcretim s\u00fcreci hakk\u0131nda bilgiler al\u0131rken, bereketli bir sezon ge\u00e7irmeleri temennisinde bulundu.<\/p>\n<p>Konu ile ilgili Ayd\u0131n \u0130l Tar\u0131m ve Orman M\u00fcd\u00fcrl\u00fc\u011f\u00fc\u2019nden yap\u0131lan a\u00e7\u0131klamada &#8220;\u0130l M\u00fcd\u00fcr\u00fcm\u00fcz Ayhan Temiz, antioksidan, C vitamini, magnezyum ve demir bak\u0131m\u0131ndan zengin olmas\u0131yla bilinen, ba\u011f\u0131\u015f\u0131kl\u0131k sistemini g\u00fc\u00e7lendiren, sindirimi destekleyen, ba\u011f\u0131rsak sa\u011fl\u0131\u011f\u0131n\u0131 koruyan ve kalp-damar hastal\u0131klar\u0131 ile kans\u0131zl\u0131k riskini azaltmada \u00f6nemli faydalar sa\u011flayan ejder meyvesi (pitaya) \u00fcretimini yerinde incelemek \u00fczere Efeler il\u00e7emiz G\u00f6lhisar Mahallesi\u2019ndeki seray\u0131 ziyaret etti. \u0130l M\u00fcd\u00fcr\u00fcm\u00fcz, sera sahibi Vildan U\u011furlu ile ejder meyvesinin \u00fcretim s\u00fcre\u00e7leri, hasat teknikleri ve pazarlama imkanlar\u0131 \u00fczerine kar\u015f\u0131l\u0131kl\u0131 de\u011ferlendirmelerde bulundu&#8221; ifadeleri yer ald\u0131.<br \/><\/p>\n","protected":false},"excerpt":{"rendered":"<p>Ayd\u0131n genelinde 91 dekarl\u0131k alanda \u00fcretilen pitaya, ba\u011f\u0131\u015f\u0131kl\u0131\u011f\u0131 g\u00fc\u00e7lendiren ve sa\u011fl\u0131kl\u0131 beslenmeye katk\u0131 sa\u011flayan tropik bir se\u00e7enek olarak \u00fcretim alanlar\u0131n\u0131 geni\u015fletiyor. Ayd\u0131n\u2019da tropik meyveler aras\u0131nda pop\u00fclerli\u011fi artan ejder meyvesi (pitaya) \u00fcretimi, il genelinde artmaya devam ediyor. 2025 y\u0131l\u0131 \u00c7ift\u00e7i Kay\u0131t Sistemi (\u00c7KS) verilerine g\u00f6re il genelinde 14 i\u015fletmede toplam 91 dekar alanda pitaya \u00fcretimi yap\u0131l\u0131yor&#8230;.<\/p>\n","protected":false},"author":1,"featured_media":68490,"comment_status":"open","ping_status":"open","sticky":false,"template":"","format":"standard","meta":{"_crdt_document":"","footnotes":""},"categories":[1],"tags":[],"class_list":["post-68489","post","type-post","status-publish","format-standard","has-post-thumbnail","hentry","category-guncel"],"_links":{"self":[{"href":"https:\/\/www.egemtv.com\/index.php?rest_route=\/wp\/v2\/posts\/68489","targetHints":{"allow":["GET"]}}],"collection":[{"href":"https:\/\/www.egemtv.com\/index.php?rest_route=\/wp\/v2\/posts"}],"about":[{"href":"https:\/\/www.egemtv.com\/index.php?rest_route=\/wp\/v2\/types\/post"}],"author":[{"embeddable":true,"href":"https:\/\/www.egemtv.com\/index.php?rest_route=\/wp\/v2\/users\/1"}],"replies":[{"embeddable":true,"href":"https:\/\/www.egemtv.com\/index.php?rest_route=%2Fwp%2Fv2%2Fcomments&post=68489"}],"version-history":[{"count":1,"href":"https:\/\/www.egemtv.com\/index.php?rest_route=\/wp\/v2\/posts\/68489\/revisions"}],"predecessor-version":[{"id":68491,"href":"https:\/\/www.egemtv.com\/index.php?rest_route=\/wp\/v2\/posts\/68489\/revisions\/68491"}],"wp:featuredmedia":[{"embeddable":true,"href":"https:\/\/www.egemtv.com\/index.php?rest_route=\/wp\/v2\/media\/68490"}],"wp:attachment":[{"href":"https:\/\/www.egemtv.com\/index.php?rest_route=%2Fwp%2Fv2%2Fmedia&parent=68489"}],"wp:term":[{"taxonomy":"category","embeddable":true,"href":"https:\/\/www.egemtv.com\/index.php?rest_route=%2Fwp%2Fv2%2Fcategories&post=68489"},{"taxonomy":"post_tag","embeddable":true,"href":"https:\/\/www.egemtv.com\/index.php?rest_route=%2Fwp%2Fv2%2Ftags&post=68489"}],"curies":[{"name":"wp","href":"https:\/\/api.w.org\/{rel}","templated":true}]}}