{"id":68486,"date":"2025-11-18T15:35:42","date_gmt":"2025-11-18T12:35:42","guid":{"rendered":"https:\/\/www.egemtv.com\/?p=68486"},"modified":"2025-11-18T15:35:43","modified_gmt":"2025-11-18T12:35:43","slug":"ureticiye-nefes-aldiran-calisma","status":"publish","type":"post","link":"https:\/\/www.egemtv.com\/?p=68486","title":{"rendered":"\u00dcreticiye nefes ald\u0131ran \u00e7al\u0131\u015fma"},"content":{"rendered":"<p>Yunusemre Belediyesi ekipleri, ova yolu bak\u0131m ve onar\u0131m \u00e7al\u0131\u015fmalar\u0131n\u0131 s\u00fcrd\u00fcr\u00fcyor. Ekipler, T\u00fcrkmen Mahallesi\u2019nde tarlalar\u0131na ula\u015fmakta zorluklar \u00e7eken vatanda\u015flar\u0131n yo\u011fun olarak kulland\u0131\u011f\u0131 ova yolunda ula\u015f\u0131m konforunu art\u0131rmak amac\u0131yla malzeme serim \u00e7al\u0131\u015fmas\u0131 ger\u00e7ekle\u015ftirdi.<br \/>\n<br \/>\u00dcreticinin sorunlar\u0131na \u00e7\u00f6z\u00fcm \u00fcreten Yunusemre Belediyesi Fen \u0130\u015fleri M\u00fcd\u00fcrl\u00fc\u011f\u00fc ekipleri, T\u00fcrkmen Mahallesi\u2019nde ya\u015fayan vatanda\u015flar\u0131n tarlalar\u0131na ula\u015f\u0131m\u0131n\u0131 kolayla\u015ft\u0131rd\u0131. Ekipler taraf\u0131ndan 6 kilometre uzunlu\u011funda ova yolunda bak\u0131m ve onar\u0131m \u00e7al\u0131\u015fmas\u0131 ger\u00e7ekle\u015ftirildi. Yap\u0131lan \u00e7al\u0131\u015fmalar sayesinde b\u00f6lgede ya\u015fayan \u00fcreticiler mal ve \u00fcr\u00fcnlerini pazarlara rahat bir \u015fekilde ula\u015ft\u0131r\u0131rken, tarla ve ba\u011flar\u0131na ula\u015f\u0131mda toz ve \u00e7amurdan kurtuldu.<br \/>\n<br \/>Ama\u00e7lar\u0131n\u0131n \u00fcreticinin sorunlar\u0131n\u0131 en aza indirmek oldu\u011funu dile getiren Yunusemre Belediye Ba\u015fkan\u0131 Semih Balaban, konuya ili\u015fkin yapt\u0131\u011f\u0131 a\u00e7\u0131klamada, &#8220;T\u00fcrkmen Mahallemizde al\u0131n teriyle \u00fcreten \u00e7ift\u00e7ilerimizin ula\u015f\u0131m sorunu vard\u0131. Bozulmu\u015f ova yollar\u0131nda tarlalar\u0131na ula\u015f\u0131m m\u00fccadelesi veriyorlard\u0131. Fen i\u015fleri m\u00fcd\u00fcrl\u00fc\u011f\u00fc ekiplerimizi y\u00f6nlendirerek d\u00fczeltme ve malzeme serim \u00e7al\u0131\u015fmas\u0131 ger\u00e7ekle\u015ftirdik. Ova yolu bak\u0131m \u00e7al\u0131\u015fmalar\u0131m\u0131z belirli bir program d\u00e2hilinde devam edecek&#8221; dedi.<\/p>\n<p>&#8220;Zorlu ula\u015f\u0131m anlar\u0131 geride kald\u0131&#8221;<br \/>\n<br \/>Yap\u0131lan \u00e7al\u0131\u015fmadan duydu\u011fu memnuniyeti dile getiren T\u00fcrkmen Mahallesi sakini Metin Solmaz ise Yunusemre Belediyesi\u2019ne te\u015fekk\u00fcr ederek \u015funlar\u0131 s\u00f6yledi: &#8220;Yolumuz \u00e7ok bozuktu, batakl\u0131kt\u0131. \u0130nsanlar\u0131n burada ba\u011flar\u0131 zeytinleri var. Gen\u00e7lerimiz \u015fehirde \u00e7al\u0131\u015f\u0131yor ancak hafta sonlar\u0131 da ara\u00e7lar\u0131 ile gelip tarlar\u0131na ula\u015fmaya \u00e7al\u0131\u015f\u0131yorlard\u0131. Art\u0131k zorlu ula\u015f\u0131m anlar\u0131 geride kald\u0131. Semih Balaban Ba\u015fkan\u0131m\u0131z olmak \u00fczere belediyemize ve burada \u00e7al\u0131\u015fan arkada\u015flar\u0131m\u0131za \u00e7ok te\u015fekk\u00fcr ediyoruz.&#8221;<br \/><\/p>\n","protected":false},"excerpt":{"rendered":"<p>Yunusemre Belediyesi ekipleri, ova yolu bak\u0131m ve onar\u0131m \u00e7al\u0131\u015fmalar\u0131n\u0131 s\u00fcrd\u00fcr\u00fcyor. Ekipler, T\u00fcrkmen Mahallesi\u2019nde tarlalar\u0131na ula\u015fmakta zorluklar \u00e7eken vatanda\u015flar\u0131n yo\u011fun olarak kulland\u0131\u011f\u0131 ova yolunda ula\u015f\u0131m konforunu art\u0131rmak amac\u0131yla malzeme serim \u00e7al\u0131\u015fmas\u0131 ger\u00e7ekle\u015ftirdi. \u00dcreticinin sorunlar\u0131na \u00e7\u00f6z\u00fcm \u00fcreten Yunusemre Belediyesi Fen \u0130\u015fleri M\u00fcd\u00fcrl\u00fc\u011f\u00fc ekipleri, T\u00fcrkmen Mahallesi\u2019nde ya\u015fayan vatanda\u015flar\u0131n tarlalar\u0131na ula\u015f\u0131m\u0131n\u0131 kolayla\u015ft\u0131rd\u0131. Ekipler taraf\u0131ndan 6 kilometre uzunlu\u011funda ova yolunda&#8230;<\/p>\n","protected":false},"author":1,"featured_media":68487,"comment_status":"open","ping_status":"open","sticky":false,"template":"","format":"standard","meta":{"_crdt_document":"","footnotes":""},"categories":[125],"tags":[],"class_list":["post-68486","post","type-post","status-publish","format-standard","has-post-thumbnail","hentry","category-ekonomi"],"_links":{"self":[{"href":"https:\/\/www.egemtv.com\/index.php?rest_route=\/wp\/v2\/posts\/68486","targetHints":{"allow":["GET"]}}],"collection":[{"href":"https:\/\/www.egemtv.com\/index.php?rest_route=\/wp\/v2\/posts"}],"about":[{"href":"https:\/\/www.egemtv.com\/index.php?rest_route=\/wp\/v2\/types\/post"}],"author":[{"embeddable":true,"href":"https:\/\/www.egemtv.com\/index.php?rest_route=\/wp\/v2\/users\/1"}],"replies":[{"embeddable":true,"href":"https:\/\/www.egemtv.com\/index.php?rest_route=%2Fwp%2Fv2%2Fcomments&post=68486"}],"version-history":[{"count":1,"href":"https:\/\/www.egemtv.com\/index.php?rest_route=\/wp\/v2\/posts\/68486\/revisions"}],"predecessor-version":[{"id":68488,"href":"https:\/\/www.egemtv.com\/index.php?rest_route=\/wp\/v2\/posts\/68486\/revisions\/68488"}],"wp:featuredmedia":[{"embeddable":true,"href":"https:\/\/www.egemtv.com\/index.php?rest_route=\/wp\/v2\/media\/68487"}],"wp:attachment":[{"href":"https:\/\/www.egemtv.com\/index.php?rest_route=%2Fwp%2Fv2%2Fmedia&parent=68486"}],"wp:term":[{"taxonomy":"category","embeddable":true,"href":"https:\/\/www.egemtv.com\/index.php?rest_route=%2Fwp%2Fv2%2Fcategories&post=68486"},{"taxonomy":"post_tag","embeddable":true,"href":"https:\/\/www.egemtv.com\/index.php?rest_route=%2Fwp%2Fv2%2Ftags&post=68486"}],"curies":[{"name":"wp","href":"https:\/\/api.w.org\/{rel}","templated":true}]}}