{"id":68483,"date":"2025-11-18T15:35:41","date_gmt":"2025-11-18T12:35:41","guid":{"rendered":"https:\/\/www.egemtv.com\/?p=68483"},"modified":"2025-11-18T15:35:42","modified_gmt":"2025-11-18T12:35:42","slug":"5-katli-binada-meydana-gelen-yangin-korkuya-neden-oldu","status":"publish","type":"post","link":"https:\/\/www.egemtv.com\/?p=68483","title":{"rendered":"5 katl\u0131 binada meydana gelen yang\u0131n korkuya neden oldu"},"content":{"rendered":"<p>Denizli\u2019nin Pamukkale il\u00e7esinde 5 katl\u0131 binada meydana gelen yang\u0131n bina sakinleri ve mahalleliler aras\u0131nda korkuya neden oldu.<\/p>\n<p>Yang\u0131n, Denizli\u2019nin Pamukkale il\u00e7esi Dokuzkavaklar Mahallesi 2111 sokakta bulunan 5 katl\u0131 binan\u0131n 1\u2019inci kat\u0131nda meydana geldi. Edinilen bilgilere g\u00f6re, 5 katl\u0131 binan\u0131n 1\u2019inci kat\u0131nda hen\u00fcz belirlenemeyen sebeplerle yang\u0131n \u00e7\u0131kt\u0131. Evden \u00e7\u0131kan dumanlar\u0131 g\u00f6ren \u00e7evredeki vatanda\u015flar\u0131n ihbar\u0131 \u00fczerine b\u00f6lgeye itfaiye, polis ve sa\u011fl\u0131k ekipleri sevk edildi. B\u00f6lgeye gelen itfaiye ekiplerinin h\u0131zl\u0131 m\u00fcdahalesiyle yang\u0131n k\u0131sa s\u00fcrede kontrol alt\u0131na al\u0131nd\u0131. 1\u2019inci katta meydana yelen yang\u0131n sebebiyle binay\u0131 tahliye edemeyen 3 bina sakini dumandan etkilendi. Dumandan etkilenen bina sakinlerinin ilk m\u00fcdahaleleri olay yerinde sa\u011fl\u0131k ekipleri taraf\u0131ndan yap\u0131larak ambulanslarla \u00e7evre hastanelere sevk edildi.<\/p>\n<p>Yang\u0131n sonras\u0131nda binan\u0131n yanan kat\u0131nda itfaiye ve olay yeri inceleme polisleri taraf\u0131ndan yang\u0131n\u0131n ba\u015flama sebebini belirlemek amac\u0131yla inceleme ba\u015flat\u0131ld\u0131.<br \/><\/p>\n","protected":false},"excerpt":{"rendered":"<p>Denizli\u2019nin Pamukkale il\u00e7esinde 5 katl\u0131 binada meydana gelen yang\u0131n bina sakinleri ve mahalleliler aras\u0131nda korkuya neden oldu. Yang\u0131n, Denizli\u2019nin Pamukkale il\u00e7esi Dokuzkavaklar Mahallesi 2111 sokakta bulunan 5 katl\u0131 binan\u0131n 1\u2019inci kat\u0131nda meydana geldi. Edinilen bilgilere g\u00f6re, 5 katl\u0131 binan\u0131n 1\u2019inci kat\u0131nda hen\u00fcz belirlenemeyen sebeplerle yang\u0131n \u00e7\u0131kt\u0131. Evden \u00e7\u0131kan dumanlar\u0131 g\u00f6ren \u00e7evredeki vatanda\u015flar\u0131n ihbar\u0131 \u00fczerine b\u00f6lgeye&#8230;<\/p>\n","protected":false},"author":1,"featured_media":68484,"comment_status":"open","ping_status":"open","sticky":false,"template":"","format":"standard","meta":{"_crdt_document":"","footnotes":""},"categories":[5],"tags":[],"class_list":["post-68483","post","type-post","status-publish","format-standard","has-post-thumbnail","hentry","category-asayis"],"_links":{"self":[{"href":"https:\/\/www.egemtv.com\/index.php?rest_route=\/wp\/v2\/posts\/68483","targetHints":{"allow":["GET"]}}],"collection":[{"href":"https:\/\/www.egemtv.com\/index.php?rest_route=\/wp\/v2\/posts"}],"about":[{"href":"https:\/\/www.egemtv.com\/index.php?rest_route=\/wp\/v2\/types\/post"}],"author":[{"embeddable":true,"href":"https:\/\/www.egemtv.com\/index.php?rest_route=\/wp\/v2\/users\/1"}],"replies":[{"embeddable":true,"href":"https:\/\/www.egemtv.com\/index.php?rest_route=%2Fwp%2Fv2%2Fcomments&post=68483"}],"version-history":[{"count":1,"href":"https:\/\/www.egemtv.com\/index.php?rest_route=\/wp\/v2\/posts\/68483\/revisions"}],"predecessor-version":[{"id":68485,"href":"https:\/\/www.egemtv.com\/index.php?rest_route=\/wp\/v2\/posts\/68483\/revisions\/68485"}],"wp:featuredmedia":[{"embeddable":true,"href":"https:\/\/www.egemtv.com\/index.php?rest_route=\/wp\/v2\/media\/68484"}],"wp:attachment":[{"href":"https:\/\/www.egemtv.com\/index.php?rest_route=%2Fwp%2Fv2%2Fmedia&parent=68483"}],"wp:term":[{"taxonomy":"category","embeddable":true,"href":"https:\/\/www.egemtv.com\/index.php?rest_route=%2Fwp%2Fv2%2Fcategories&post=68483"},{"taxonomy":"post_tag","embeddable":true,"href":"https:\/\/www.egemtv.com\/index.php?rest_route=%2Fwp%2Fv2%2Ftags&post=68483"}],"curies":[{"name":"wp","href":"https:\/\/api.w.org\/{rel}","templated":true}]}}