{"id":68480,"date":"2025-11-18T15:14:58","date_gmt":"2025-11-18T12:14:58","guid":{"rendered":"https:\/\/www.egemtv.com\/?p=68480"},"modified":"2025-11-18T15:14:59","modified_gmt":"2025-11-18T12:14:59","slug":"izmirde-ulku-ocaklarindan-egitime-destek","status":"publish","type":"post","link":"https:\/\/www.egemtv.com\/?p=68480","title":{"rendered":"\u0130zmir\u2019de \u00dclk\u00fc Ocaklar\u0131\u2019ndan e\u011fitime destek"},"content":{"rendered":"<p>\u0130zmir \u00dclk\u00fc Ocaklar\u0131 \u0130l Ba\u015fkanl\u0131\u011f\u0131, Kemalpa\u015fa il\u00e7esinde bulunan Yenmi\u015f H\u00fcrriyet \u0130lkokulu\u2019nda tadilat ve yenileme \u00e7al\u0131\u015fmas\u0131 ba\u015flatt\u0131.<br \/>\n<br \/>\u0130zmir \u00dclk\u00fc Ocaklar\u0131 \u0130l Ba\u015fkanl\u0131\u011f\u0131, gelece\u011fimizin teminat\u0131 olan \u00e7ocuklar\u0131m\u0131z i\u00e7in anlaml\u0131 bir \u00e7al\u0131\u015fmaya imza att\u0131. Kemalpa\u015fa il\u00e7esinde Yenmi\u015f H\u00fcrriyet \u0130lkokulu\u2019nun tadilat ve bak\u0131m\u0131n\u0131 \u00fcstlenen \u00fclk\u00fcc\u00fc gen\u00e7ler, ayn\u0131 zamanda \u00e7ocuklara hediye vererek y\u00fczlerini g\u00fcld\u00fcrd\u00fc.<br \/>\n<br \/>Okulun fiziki \u015fartlar\u0131n\u0131 iyile\u015ftirmeye, \u00f6\u011frencilerin daha g\u00fcvenli ve modern bir ortamda e\u011fitim g\u00f6rmesine katk\u0131 sunma amac\u0131yla b\u00f6yle bir giri\u015fimde bulunduklar\u0131n\u0131 belirten \u00dclk\u00fc Ocaklar\u0131 \u0130l Ba\u015fkan\u0131 Burak K\u0131l\u0131\u00e7, sosyal sorumluluk bilinciyle hareket ettiklerini vurgulad\u0131. K\u0131l\u0131\u00e7, &#8220;Yaln\u0131zca gen\u00e7lerimizin de\u011fil, t\u00fcm e\u011fitim kurumlar\u0131m\u0131z\u0131n yan\u0131nda durmak boynumuzun borcudur. Yenmi\u015f H\u00fcrriyet \u0130lkokulu ile ba\u015flatt\u0131\u011f\u0131m\u0131z bu s\u00fcre\u00e7, ihtiya\u00e7 duyan t\u00fcm okullar\u0131m\u0131za uzanacak bir hizmet seferberli\u011finin ilk ad\u0131m\u0131d\u0131r. Bu kapsamda, ihtiya\u00e7lar\u0131 tespit edilen di\u011fer okullara da destek verilerek Kemalpa\u015fa ba\u015fta olmak \u00fczere \u0130zmir genelinde e\u011fitime katk\u0131 sunmay\u0131 hedefliyoruz&#8221; dedi.<br \/><\/p>\n","protected":false},"excerpt":{"rendered":"<p>\u0130zmir \u00dclk\u00fc Ocaklar\u0131 \u0130l Ba\u015fkanl\u0131\u011f\u0131, Kemalpa\u015fa il\u00e7esinde bulunan Yenmi\u015f H\u00fcrriyet \u0130lkokulu\u2019nda tadilat ve yenileme \u00e7al\u0131\u015fmas\u0131 ba\u015flatt\u0131. \u0130zmir \u00dclk\u00fc Ocaklar\u0131 \u0130l Ba\u015fkanl\u0131\u011f\u0131, gelece\u011fimizin teminat\u0131 olan \u00e7ocuklar\u0131m\u0131z i\u00e7in anlaml\u0131 bir \u00e7al\u0131\u015fmaya imza att\u0131. Kemalpa\u015fa il\u00e7esinde Yenmi\u015f H\u00fcrriyet \u0130lkokulu\u2019nun tadilat ve bak\u0131m\u0131n\u0131 \u00fcstlenen \u00fclk\u00fcc\u00fc gen\u00e7ler, ayn\u0131 zamanda \u00e7ocuklara hediye vererek y\u00fczlerini g\u00fcld\u00fcrd\u00fc. Okulun fiziki \u015fartlar\u0131n\u0131 iyile\u015ftirmeye, \u00f6\u011frencilerin daha&#8230;<\/p>\n","protected":false},"author":1,"featured_media":68481,"comment_status":"open","ping_status":"open","sticky":false,"template":"","format":"standard","meta":{"_crdt_document":"","footnotes":""},"categories":[1],"tags":[],"class_list":["post-68480","post","type-post","status-publish","format-standard","has-post-thumbnail","hentry","category-guncel"],"_links":{"self":[{"href":"https:\/\/www.egemtv.com\/index.php?rest_route=\/wp\/v2\/posts\/68480","targetHints":{"allow":["GET"]}}],"collection":[{"href":"https:\/\/www.egemtv.com\/index.php?rest_route=\/wp\/v2\/posts"}],"about":[{"href":"https:\/\/www.egemtv.com\/index.php?rest_route=\/wp\/v2\/types\/post"}],"author":[{"embeddable":true,"href":"https:\/\/www.egemtv.com\/index.php?rest_route=\/wp\/v2\/users\/1"}],"replies":[{"embeddable":true,"href":"https:\/\/www.egemtv.com\/index.php?rest_route=%2Fwp%2Fv2%2Fcomments&post=68480"}],"version-history":[{"count":1,"href":"https:\/\/www.egemtv.com\/index.php?rest_route=\/wp\/v2\/posts\/68480\/revisions"}],"predecessor-version":[{"id":68482,"href":"https:\/\/www.egemtv.com\/index.php?rest_route=\/wp\/v2\/posts\/68480\/revisions\/68482"}],"wp:featuredmedia":[{"embeddable":true,"href":"https:\/\/www.egemtv.com\/index.php?rest_route=\/wp\/v2\/media\/68481"}],"wp:attachment":[{"href":"https:\/\/www.egemtv.com\/index.php?rest_route=%2Fwp%2Fv2%2Fmedia&parent=68480"}],"wp:term":[{"taxonomy":"category","embeddable":true,"href":"https:\/\/www.egemtv.com\/index.php?rest_route=%2Fwp%2Fv2%2Fcategories&post=68480"},{"taxonomy":"post_tag","embeddable":true,"href":"https:\/\/www.egemtv.com\/index.php?rest_route=%2Fwp%2Fv2%2Ftags&post=68480"}],"curies":[{"name":"wp","href":"https:\/\/api.w.org\/{rel}","templated":true}]}}