{"id":68477,"date":"2025-11-18T14:54:46","date_gmt":"2025-11-18T11:54:46","guid":{"rendered":"https:\/\/www.egemtv.com\/?p=68477"},"modified":"2025-11-18T14:54:47","modified_gmt":"2025-11-18T11:54:47","slug":"dpuden-is-birligi-protokolu","status":"publish","type":"post","link":"https:\/\/www.egemtv.com\/?p=68477","title":{"rendered":"DP\u00dc\u2019den i\u015f birli\u011fi protokol\u00fc"},"content":{"rendered":"<p>K\u00fctahya Dumlup\u0131nar \u00dcniversitesi (DP\u00dc) ile \u00d6zbekistan\u2019\u0131n \u00f6nde gelen y\u00fcksek\u00f6\u011fretim kurumlar\u0131ndan Kemaliddin Behzat Ulusal Sanat ve Tasar\u0131m Enstit\u00fcs\u00fc aras\u0131nda akademik ve sanatsal alanlarda i\u015f birli\u011fini g\u00fc\u00e7lendirmeyi hedefleyen protokol imzaland\u0131.<br \/>\n<br \/>\u0130ki kurum aras\u0131ndaki i\u015f birli\u011fi anla\u015fmas\u0131, DP\u00dc Rekt\u00f6r\u00fc Prof. Dr. S\u00fcleyman K\u0131z\u0131ltoprak ve Enstit\u00fc Rekt\u00f6r\u00fc Omonulla Salikhov taraf\u0131ndan imzaland\u0131. Protokol, \u00fcniversiteler aras\u0131nda kapsaml\u0131 bir akademik ve k\u00fclt\u00fcrel ortakl\u0131k zemini olu\u015fturdu.<br \/>\n<br \/>Anla\u015fma \u00e7er\u00e7evesinde, \u00f6\u011frenci ve akademisyen de\u011fi\u015fim programlar\u0131n\u0131n hayata ge\u00e7irilmesi, uluslararas\u0131 sempozyumlar\u0131n d\u00fczenlenmesi, sanat \u00e7al\u0131\u015ftaylar\u0131 ve sergilerin ger\u00e7ekle\u015ftirilmesi planlan\u0131yor. Ayr\u0131ca iki kurumun ortak akademik yay\u0131nlar \u00fcretmesi ve bu \u00e7al\u0131\u015fmalarla uluslararas\u0131 g\u00f6r\u00fcn\u00fcrl\u00fc\u011f\u00fcn art\u0131r\u0131lmas\u0131 hedefleniyor.<br \/>\n<br \/>T\u00f6renin ard\u0131ndan a\u00e7\u0131klama yapan her iki rekt\u00f6r de imzalanan protokol\u00fcn, sanat, tasar\u0131m ve akademik \u00fcretim alanlar\u0131nda daha g\u00fc\u00e7l\u00fc bir i\u015f birli\u011fi olu\u015fturaca\u011f\u0131na dair temennilerini ifade etti.<br \/><\/p>\n","protected":false},"excerpt":{"rendered":"<p>K\u00fctahya Dumlup\u0131nar \u00dcniversitesi (DP\u00dc) ile \u00d6zbekistan\u2019\u0131n \u00f6nde gelen y\u00fcksek\u00f6\u011fretim kurumlar\u0131ndan Kemaliddin Behzat Ulusal Sanat ve Tasar\u0131m Enstit\u00fcs\u00fc aras\u0131nda akademik ve sanatsal alanlarda i\u015f birli\u011fini g\u00fc\u00e7lendirmeyi hedefleyen protokol imzaland\u0131. \u0130ki kurum aras\u0131ndaki i\u015f birli\u011fi anla\u015fmas\u0131, DP\u00dc Rekt\u00f6r\u00fc Prof. Dr. S\u00fcleyman K\u0131z\u0131ltoprak ve Enstit\u00fc Rekt\u00f6r\u00fc Omonulla Salikhov taraf\u0131ndan imzaland\u0131. Protokol, \u00fcniversiteler aras\u0131nda kapsaml\u0131 bir akademik ve k\u00fclt\u00fcrel&#8230;<\/p>\n","protected":false},"author":1,"featured_media":68478,"comment_status":"open","ping_status":"open","sticky":false,"template":"","format":"standard","meta":{"_crdt_document":"","footnotes":""},"categories":[1],"tags":[],"class_list":["post-68477","post","type-post","status-publish","format-standard","has-post-thumbnail","hentry","category-guncel"],"_links":{"self":[{"href":"https:\/\/www.egemtv.com\/index.php?rest_route=\/wp\/v2\/posts\/68477","targetHints":{"allow":["GET"]}}],"collection":[{"href":"https:\/\/www.egemtv.com\/index.php?rest_route=\/wp\/v2\/posts"}],"about":[{"href":"https:\/\/www.egemtv.com\/index.php?rest_route=\/wp\/v2\/types\/post"}],"author":[{"embeddable":true,"href":"https:\/\/www.egemtv.com\/index.php?rest_route=\/wp\/v2\/users\/1"}],"replies":[{"embeddable":true,"href":"https:\/\/www.egemtv.com\/index.php?rest_route=%2Fwp%2Fv2%2Fcomments&post=68477"}],"version-history":[{"count":1,"href":"https:\/\/www.egemtv.com\/index.php?rest_route=\/wp\/v2\/posts\/68477\/revisions"}],"predecessor-version":[{"id":68479,"href":"https:\/\/www.egemtv.com\/index.php?rest_route=\/wp\/v2\/posts\/68477\/revisions\/68479"}],"wp:featuredmedia":[{"embeddable":true,"href":"https:\/\/www.egemtv.com\/index.php?rest_route=\/wp\/v2\/media\/68478"}],"wp:attachment":[{"href":"https:\/\/www.egemtv.com\/index.php?rest_route=%2Fwp%2Fv2%2Fmedia&parent=68477"}],"wp:term":[{"taxonomy":"category","embeddable":true,"href":"https:\/\/www.egemtv.com\/index.php?rest_route=%2Fwp%2Fv2%2Fcategories&post=68477"},{"taxonomy":"post_tag","embeddable":true,"href":"https:\/\/www.egemtv.com\/index.php?rest_route=%2Fwp%2Fv2%2Ftags&post=68477"}],"curies":[{"name":"wp","href":"https:\/\/api.w.org\/{rel}","templated":true}]}}