{"id":68471,"date":"2025-11-18T14:34:54","date_gmt":"2025-11-18T11:34:54","guid":{"rendered":"https:\/\/www.egemtv.com\/?p=68471"},"modified":"2025-11-18T14:34:55","modified_gmt":"2025-11-18T11:34:55","slug":"koycegizden-filistine-gonul-koprusu","status":"publish","type":"post","link":"https:\/\/www.egemtv.com\/?p=68471","title":{"rendered":"K\u00f6yce\u011fiz\u2019den Filistin\u2019e g\u00f6n\u00fcl k\u00f6pr\u00fcs\u00fc"},"content":{"rendered":"<p>Mu\u011fla\u2019n\u0131n K\u00f6yce\u011fiz \u0130l\u00e7e M\u00fcft\u00fcl\u00fc\u011f\u00fcnde g\u00f6rev yapan din g\u00f6revlileri bask\u0131 ve zul\u00fcm alt\u0131ndaki Filistinlilere g\u00f6nderilmek \u00fczere yard\u0131m kampanyas\u0131 d\u00fczenledi.<\/p>\n<p>Yard\u0131m kampanyas\u0131 nedeniyle a\u00e7\u0131klamalarda bulunan K\u00f6yce\u011fiz M\u00fcft\u00fcs\u00fc Ahmet Karag\u00f6z: &#8220;\u0130slam\u2019\u0131n ilk k\u0131blesinin Mescid-i Aksan\u0131n da i\u00e7inde bulundu\u011fu Filistin ve Filistinli karde\u015flerimiz zulme ve soyk\u0131r\u0131ma u\u011framaktad\u0131rlar. &#8220;M\u00fcminler karde\u015ftirler.&#8221; buyuran Rabbimizin emri gere\u011fi K\u00f6yce\u011fiz M\u00fcft\u00fcl\u00fc\u011f\u00fc personellerimiz kendi aralar\u0131nda ve hay\u0131rsever vatanda\u015flar\u0131m\u0131z\u0131n da katk\u0131lar\u0131 sonucu toplad\u0131klar\u0131 yard\u0131mlarla bir nebze de olsun Filistinli karde\u015flerimizin yaralar\u0131na merhem oldular. \u0130srail\u2019in bitmeyen zulm\u00fcne kar\u015f\u0131 dimdik ayakta durmaya \u00e7al\u0131\u015fan Filistinli karde\u015flerimizin yan\u0131nda oldu\u011fumuzu, onlara yaln\u0131z olmad\u0131klar\u0131n\u0131 hissettirmelerinden dolay\u0131 t\u00fcm Din g\u00f6revlisi hocalar\u0131ma, hay\u0131r severlere ve her daim himayelerinden dolay\u0131 Kaymakam\u0131m\u0131z Say\u0131n Mert Kumcu\u2019ya g\u00f6n\u00fclden \u015f\u00fckranlar\u0131m\u0131 sunuyorum.&#8221; dedi.<\/p>\n<p>Yard\u0131m Kampanyas\u0131 sonucunda Din g\u00f6revlileri, temsili \u00e7eki K\u00f6yce\u011fiz Kaymakam\u0131 Say\u0131n Mert Kumcu\u2019ya teslim ettiler. \u00c7eki teslim alan Kaymakam Kumcu, tarih boyunca T\u00fcrk milletinin her zaman mazlumdan yana oldu\u011funu vurgulayarak, &#8220;Tarihte \u00e7ok g\u00f6rd\u00fck, bug\u00fcn de maalesef vicdanlar\u0131n sorguland\u0131\u011f\u0131n\u0131, baz\u0131 devletlerin kulaklar\u0131n\u0131 ve vicdanlar\u0131n\u0131 kapatt\u0131\u011f\u0131n\u0131 g\u00f6r\u00fcyoruz. Biz bu topraklarda ya\u015fayan insanlar olarak, zalimin yan\u0131nda hi\u00e7bir zaman yer almad\u0131k. Mazlum Filistin halk\u0131na yard\u0131mlar\u0131n\u0131zdan dolay\u0131 siz k\u0131ymetli Din g\u00f6revlisi hocalar\u0131m\u0131 tebrik ediyor, \u0130l\u00e7e M\u00fcft\u00fcm\u00fcze de te\u015fekk\u00fcr ediyor, hepinize g\u00f6revlerinizde ba\u015far\u0131lar diliyorum&#8221; dedi.<br \/><\/p>\n","protected":false},"excerpt":{"rendered":"<p>Mu\u011fla\u2019n\u0131n K\u00f6yce\u011fiz \u0130l\u00e7e M\u00fcft\u00fcl\u00fc\u011f\u00fcnde g\u00f6rev yapan din g\u00f6revlileri bask\u0131 ve zul\u00fcm alt\u0131ndaki Filistinlilere g\u00f6nderilmek \u00fczere yard\u0131m kampanyas\u0131 d\u00fczenledi. Yard\u0131m kampanyas\u0131 nedeniyle a\u00e7\u0131klamalarda bulunan K\u00f6yce\u011fiz M\u00fcft\u00fcs\u00fc Ahmet Karag\u00f6z: &#8220;\u0130slam\u2019\u0131n ilk k\u0131blesinin Mescid-i Aksan\u0131n da i\u00e7inde bulundu\u011fu Filistin ve Filistinli karde\u015flerimiz zulme ve soyk\u0131r\u0131ma u\u011framaktad\u0131rlar. &#8220;M\u00fcminler karde\u015ftirler.&#8221; buyuran Rabbimizin emri gere\u011fi K\u00f6yce\u011fiz M\u00fcft\u00fcl\u00fc\u011f\u00fc personellerimiz kendi aralar\u0131nda ve&#8230;<\/p>\n","protected":false},"author":1,"featured_media":68472,"comment_status":"open","ping_status":"open","sticky":false,"template":"","format":"standard","meta":{"_crdt_document":"","footnotes":""},"categories":[1],"tags":[],"class_list":["post-68471","post","type-post","status-publish","format-standard","has-post-thumbnail","hentry","category-guncel"],"_links":{"self":[{"href":"https:\/\/www.egemtv.com\/index.php?rest_route=\/wp\/v2\/posts\/68471","targetHints":{"allow":["GET"]}}],"collection":[{"href":"https:\/\/www.egemtv.com\/index.php?rest_route=\/wp\/v2\/posts"}],"about":[{"href":"https:\/\/www.egemtv.com\/index.php?rest_route=\/wp\/v2\/types\/post"}],"author":[{"embeddable":true,"href":"https:\/\/www.egemtv.com\/index.php?rest_route=\/wp\/v2\/users\/1"}],"replies":[{"embeddable":true,"href":"https:\/\/www.egemtv.com\/index.php?rest_route=%2Fwp%2Fv2%2Fcomments&post=68471"}],"version-history":[{"count":1,"href":"https:\/\/www.egemtv.com\/index.php?rest_route=\/wp\/v2\/posts\/68471\/revisions"}],"predecessor-version":[{"id":68473,"href":"https:\/\/www.egemtv.com\/index.php?rest_route=\/wp\/v2\/posts\/68471\/revisions\/68473"}],"wp:featuredmedia":[{"embeddable":true,"href":"https:\/\/www.egemtv.com\/index.php?rest_route=\/wp\/v2\/media\/68472"}],"wp:attachment":[{"href":"https:\/\/www.egemtv.com\/index.php?rest_route=%2Fwp%2Fv2%2Fmedia&parent=68471"}],"wp:term":[{"taxonomy":"category","embeddable":true,"href":"https:\/\/www.egemtv.com\/index.php?rest_route=%2Fwp%2Fv2%2Fcategories&post=68471"},{"taxonomy":"post_tag","embeddable":true,"href":"https:\/\/www.egemtv.com\/index.php?rest_route=%2Fwp%2Fv2%2Ftags&post=68471"}],"curies":[{"name":"wp","href":"https:\/\/api.w.org\/{rel}","templated":true}]}}