{"id":68468,"date":"2025-11-18T14:34:54","date_gmt":"2025-11-18T11:34:54","guid":{"rendered":"https:\/\/www.egemtv.com\/?p=68468"},"modified":"2025-11-18T14:34:54","modified_gmt":"2025-11-18T11:34:54","slug":"demirci-bir-egitim-yuvasina-daha-kavusuyor","status":"publish","type":"post","link":"https:\/\/www.egemtv.com\/?p=68468","title":{"rendered":"Demirci bir e\u011fitim yuvas\u0131na daha kavu\u015fuyor"},"content":{"rendered":"<p>Manisa\u2019n\u0131n Demirci il\u00e7esinde 24 Kas\u0131m \u00d6\u011fretmenler G\u00fcn\u00fc\u2019nde \u00d6zgen \u0130zmiro\u011flu K\u00fclt\u00fcr, Bilim ve Teknoloji Merkezi\u2019nin resmi a\u00e7\u0131l\u0131\u015f\u0131 ger\u00e7ekle\u015ftirilecek.<br \/>\n<br \/>T\u00fcrkiye\u2019nin k\u00f6kl\u00fc end\u00fcstriyel ambalaj \u00fcreticilerinden \u0130zvar Ambalaj A.\u015e., kurucusu Makine Y\u00fcksek M\u00fchendisi merhum \u00d6zgen \u0130zmiro\u011flu\u2019nun ad\u0131n\u0131 ve de\u011ferlerini gelece\u011fe ta\u015f\u0131mak amac\u0131yla hayata ge\u00e7irilen \u2019\u00d6zgen \u0130zmiro\u011flu K\u00fclt\u00fcr, Bilim ve Teknoloji Merkezi\u2019 memleketi Manisa\u2019n\u0131n Demirci il\u00e7esine kazand\u0131r\u0131ld\u0131.<br \/>\n<br \/>Hayat\u0131n\u0131 \u00fcretime, \u00e7al\u0131\u015fmaya ve topluma faydal\u0131 olmaya adam\u0131\u015f bir m\u00fchendis ve giri\u015fimci olan \u00d6zgen \u0130zmiro\u011flu\u2019nun vizyonunu ya\u015fatmay\u0131 ama\u00e7layan merkez, gelece\u011fin m\u00fchendislerine, \u00f6\u011fretmenlerine, gen\u00e7lerine ve b\u00f6lge halk\u0131na ilham verecek bir bilim, \u00f6\u011frenme ve geli\u015fim ortam\u0131 sunmay\u0131 hedefliyor.<br \/>\n<br \/>Merkez, \u00f6zellikle Celal Bayar \u00dcniversitesi Demirci E\u011fitim Fak\u00fcltesi \u00f6\u011frencileri i\u00e7in \u00f6nemli bir bilgi ve ara\u015ft\u0131rma alan\u0131 olu\u015ftururken, ayn\u0131 zamanda Demirci halk\u0131n\u0131n da k\u00fclt\u00fcr, bilim ve teknolojiye eri\u015fimini g\u00fc\u00e7lendirecek bir toplumsal de\u011fer projesi niteli\u011fi ta\u015f\u0131yor.<br \/>\n<br \/>\u0130zvar Ambalaj A.\u015e. ad\u0131na yap\u0131lan a\u00e7\u0131klamada \u015fu ifadelere yer verildi: &#8220;Kurucumuz merhum \u00d6zgen \u0130zmiro\u011flu\u2019nun en \u00f6nemli miras\u0131; \u00fcretmek, \u00e7al\u0131\u015fmak ve topluma fayda sa\u011flamakt\u0131. Bu merkez, onun hayat felsefesini yeni nesillere aktarmak i\u00e7in tasarland\u0131. Demirci\u2019ye b\u00f6yle bir eser kazand\u0131rmaktan b\u00fcy\u00fck gurur duyuyoruz.&#8221;<br \/>\n<br \/>Belediye Ba\u015fkan\u0131 Erkan Kara ise yapt\u0131\u011f\u0131 a\u00e7\u0131klamada, &#8220;E\u011fitim kenti Demirci\u2019miz yeni bir e\u011fitim yuvas\u0131na kavu\u015fuyor. Rahmetli i\u015f insan\u0131 \u0130zvar Ambalaj A.\u015e., kurucusu Makine Y\u00fcksek M\u00fchendisi merhum \u00d6zgen \u0130zmiro\u011flu ve \u0130zmiro\u011flu ailesi taraf\u0131ndan E\u011fitim Fak\u00fcltesi kamp\u00fcs alan\u0131na yap\u0131lan \u00d6zgen \u0130zmiro\u011flu K\u00fclt\u00fcr, Bilim ve Teknoloji Merkezi 24 Kas\u0131m Pazartesi g\u00fcn\u00fc a\u00e7\u0131lacak. T\u00fcm hem\u015ferilerimi bu anlaml\u0131 g\u00fcne davet ediyorum&#8221; dedi.<br \/><\/p>\n","protected":false},"excerpt":{"rendered":"<p>Manisa\u2019n\u0131n Demirci il\u00e7esinde 24 Kas\u0131m \u00d6\u011fretmenler G\u00fcn\u00fc\u2019nde \u00d6zgen \u0130zmiro\u011flu K\u00fclt\u00fcr, Bilim ve Teknoloji Merkezi\u2019nin resmi a\u00e7\u0131l\u0131\u015f\u0131 ger\u00e7ekle\u015ftirilecek. T\u00fcrkiye\u2019nin k\u00f6kl\u00fc end\u00fcstriyel ambalaj \u00fcreticilerinden \u0130zvar Ambalaj A.\u015e., kurucusu Makine Y\u00fcksek M\u00fchendisi merhum \u00d6zgen \u0130zmiro\u011flu\u2019nun ad\u0131n\u0131 ve de\u011ferlerini gelece\u011fe ta\u015f\u0131mak amac\u0131yla hayata ge\u00e7irilen \u2019\u00d6zgen \u0130zmiro\u011flu K\u00fclt\u00fcr, Bilim ve Teknoloji Merkezi\u2019 memleketi Manisa\u2019n\u0131n Demirci il\u00e7esine kazand\u0131r\u0131ld\u0131. Hayat\u0131n\u0131 \u00fcretime, \u00e7al\u0131\u015fmaya&#8230;<\/p>\n","protected":false},"author":1,"featured_media":68469,"comment_status":"open","ping_status":"open","sticky":false,"template":"","format":"standard","meta":{"_crdt_document":"","footnotes":""},"categories":[1],"tags":[],"class_list":["post-68468","post","type-post","status-publish","format-standard","has-post-thumbnail","hentry","category-guncel"],"_links":{"self":[{"href":"https:\/\/www.egemtv.com\/index.php?rest_route=\/wp\/v2\/posts\/68468","targetHints":{"allow":["GET"]}}],"collection":[{"href":"https:\/\/www.egemtv.com\/index.php?rest_route=\/wp\/v2\/posts"}],"about":[{"href":"https:\/\/www.egemtv.com\/index.php?rest_route=\/wp\/v2\/types\/post"}],"author":[{"embeddable":true,"href":"https:\/\/www.egemtv.com\/index.php?rest_route=\/wp\/v2\/users\/1"}],"replies":[{"embeddable":true,"href":"https:\/\/www.egemtv.com\/index.php?rest_route=%2Fwp%2Fv2%2Fcomments&post=68468"}],"version-history":[{"count":1,"href":"https:\/\/www.egemtv.com\/index.php?rest_route=\/wp\/v2\/posts\/68468\/revisions"}],"predecessor-version":[{"id":68470,"href":"https:\/\/www.egemtv.com\/index.php?rest_route=\/wp\/v2\/posts\/68468\/revisions\/68470"}],"wp:featuredmedia":[{"embeddable":true,"href":"https:\/\/www.egemtv.com\/index.php?rest_route=\/wp\/v2\/media\/68469"}],"wp:attachment":[{"href":"https:\/\/www.egemtv.com\/index.php?rest_route=%2Fwp%2Fv2%2Fmedia&parent=68468"}],"wp:term":[{"taxonomy":"category","embeddable":true,"href":"https:\/\/www.egemtv.com\/index.php?rest_route=%2Fwp%2Fv2%2Fcategories&post=68468"},{"taxonomy":"post_tag","embeddable":true,"href":"https:\/\/www.egemtv.com\/index.php?rest_route=%2Fwp%2Fv2%2Ftags&post=68468"}],"curies":[{"name":"wp","href":"https:\/\/api.w.org\/{rel}","templated":true}]}}