{"id":68465,"date":"2025-11-18T14:34:53","date_gmt":"2025-11-18T11:34:53","guid":{"rendered":"https:\/\/www.egemtv.com\/?p=68465"},"modified":"2025-11-18T14:34:54","modified_gmt":"2025-11-18T11:34:54","slug":"ak-partiden-chpnin-onergesine-tepki","status":"publish","type":"post","link":"https:\/\/www.egemtv.com\/?p=68465","title":{"rendered":"AK Parti\u2019den CHP\u2019nin \u00f6nergesine tepki"},"content":{"rendered":"<p>Ayd\u0131n B\u00fcy\u00fck\u015fehir Belediye Meclisi\u2019nde CHP\u2019li \u00fcyelerin, geleneksel deve g\u00fcre\u015fleri i\u00e7in 17 il\u00e7eye maddi destek talep etti\u011fi \u00f6nergenin AK Partili belediyelere sorulmadan sunuldu\u011funu belirten AK Parti Grup S\u00f6zc\u00fcs\u00fc ve K\u00f6\u015fk Belediye Ba\u015fkan\u0131 Nuri G\u00fcler, bunun siyasi nezakete uymad\u0131\u011f\u0131n\u0131 dile getirdi.<\/p>\n<p>Ayd\u0131n B\u00fcy\u00fck\u015fehir Belediye Meclisi\u2019nde CHP\u2019li meclis \u00fcyeleri, geleneksel deve g\u00fcre\u015flerinin d\u00fczenlendi\u011fi 17 il\u00e7eye maddi destek sa\u011flanmas\u0131 i\u00e7in \u00f6nerge verdi. \u00d6nergenin haz\u0131rlan\u0131rken AK Partili belediyelerin g\u00f6r\u00fc\u015f\u00fcn\u00fcn al\u0131nmad\u0131\u011f\u0131n\u0131 ifade eden AK Parti Grup S\u00f6zc\u00fcs\u00fc Nuri G\u00fcler, bunun meclis team\u00fclleri a\u00e7\u0131s\u0131ndan ho\u015f kar\u015f\u0131lanamayaca\u011f\u0131n\u0131 dile getirdi. G\u00fcler yapt\u0131\u011f\u0131 a\u00e7\u0131klamada, &#8220;Ayd\u0131n B\u00fcy\u00fck\u015fehir Belediye Meclisinde CHP grubuna mensup meclis \u00fcyeleri Geleneksel Deve G\u00fcre\u015fleri i\u00e7in 17 il\u00e7eye maddi destek talep etmi\u015ftir. Bu \u00f6nerge AK Partili belediyelere sorulmadan, dan\u0131\u015f\u0131lmadan verilmi\u015ftir. Bu en basit tabiriyle siyasi bir sayg\u0131s\u0131zl\u0131kt\u0131r.  Bu \u00f6nerge CHP\u2019li belediyelerin i\u015fbilmezlikleriyle kurumlar\u0131n\u0131 d\u00fc\u015f\u00fcrm\u00fc\u015f olduklar\u0131 maddi acziyetin de itiraf\u0131 niteli\u011findedir. CHP\u2019li belediye ba\u015fkan\u0131 ve meclis \u00fcyelerine tavsiyemiz; bundan b\u00f6yle kurumlar\u0131n\u0131 maddi olarak d\u00fc\u015f\u00fcrd\u00fckleri acziyeti \u00f6rtmek i\u00e7in AK Partili Belediyelerin isminin arkas\u0131na saklanmamalar\u0131 ve bundan sonra kendi adlar\u0131na \u00f6nerge vermeyi \u00f6\u011frenmeleridir&#8221; ifadelerine yer verildi.<br \/><\/p>\n","protected":false},"excerpt":{"rendered":"<p>Ayd\u0131n B\u00fcy\u00fck\u015fehir Belediye Meclisi\u2019nde CHP\u2019li \u00fcyelerin, geleneksel deve g\u00fcre\u015fleri i\u00e7in 17 il\u00e7eye maddi destek talep etti\u011fi \u00f6nergenin AK Partili belediyelere sorulmadan sunuldu\u011funu belirten AK Parti Grup S\u00f6zc\u00fcs\u00fc ve K\u00f6\u015fk Belediye Ba\u015fkan\u0131 Nuri G\u00fcler, bunun siyasi nezakete uymad\u0131\u011f\u0131n\u0131 dile getirdi. Ayd\u0131n B\u00fcy\u00fck\u015fehir Belediye Meclisi\u2019nde CHP\u2019li meclis \u00fcyeleri, geleneksel deve g\u00fcre\u015flerinin d\u00fczenlendi\u011fi 17 il\u00e7eye maddi destek sa\u011flanmas\u0131&#8230;<\/p>\n","protected":false},"author":1,"featured_media":68466,"comment_status":"open","ping_status":"open","sticky":false,"template":"","format":"standard","meta":{"_crdt_document":"","footnotes":""},"categories":[1],"tags":[],"class_list":["post-68465","post","type-post","status-publish","format-standard","has-post-thumbnail","hentry","category-guncel"],"_links":{"self":[{"href":"https:\/\/www.egemtv.com\/index.php?rest_route=\/wp\/v2\/posts\/68465","targetHints":{"allow":["GET"]}}],"collection":[{"href":"https:\/\/www.egemtv.com\/index.php?rest_route=\/wp\/v2\/posts"}],"about":[{"href":"https:\/\/www.egemtv.com\/index.php?rest_route=\/wp\/v2\/types\/post"}],"author":[{"embeddable":true,"href":"https:\/\/www.egemtv.com\/index.php?rest_route=\/wp\/v2\/users\/1"}],"replies":[{"embeddable":true,"href":"https:\/\/www.egemtv.com\/index.php?rest_route=%2Fwp%2Fv2%2Fcomments&post=68465"}],"version-history":[{"count":1,"href":"https:\/\/www.egemtv.com\/index.php?rest_route=\/wp\/v2\/posts\/68465\/revisions"}],"predecessor-version":[{"id":68467,"href":"https:\/\/www.egemtv.com\/index.php?rest_route=\/wp\/v2\/posts\/68465\/revisions\/68467"}],"wp:featuredmedia":[{"embeddable":true,"href":"https:\/\/www.egemtv.com\/index.php?rest_route=\/wp\/v2\/media\/68466"}],"wp:attachment":[{"href":"https:\/\/www.egemtv.com\/index.php?rest_route=%2Fwp%2Fv2%2Fmedia&parent=68465"}],"wp:term":[{"taxonomy":"category","embeddable":true,"href":"https:\/\/www.egemtv.com\/index.php?rest_route=%2Fwp%2Fv2%2Fcategories&post=68465"},{"taxonomy":"post_tag","embeddable":true,"href":"https:\/\/www.egemtv.com\/index.php?rest_route=%2Fwp%2Fv2%2Ftags&post=68465"}],"curies":[{"name":"wp","href":"https:\/\/api.w.org\/{rel}","templated":true}]}}