{"id":68462,"date":"2025-11-18T14:14:45","date_gmt":"2025-11-18T11:14:45","guid":{"rendered":"https:\/\/www.egemtv.com\/?p=68462"},"modified":"2025-11-18T14:14:46","modified_gmt":"2025-11-18T11:14:46","slug":"nazillideki-yanginda-hayatini-kaybeden-genc-kiz-topraga-verildi","status":"publish","type":"post","link":"https:\/\/www.egemtv.com\/?p=68462","title":{"rendered":"Nazilli\u2019deki yang\u0131nda hayat\u0131n\u0131 kaybeden gen\u00e7 k\u0131z topra\u011fa verildi"},"content":{"rendered":"<p>Ayd\u0131n\u2019\u0131n Nazilli il\u00e7esindeki bir evde \u00e7\u0131kan yang\u0131nda hayat\u0131n\u0131 kaybeden 18 ya\u015f\u0131ndaki gen\u00e7 k\u0131z, Nazilli\u2019de sevenlerinin g\u00f6zya\u015flar\u0131 aras\u0131nda topra\u011fa verildi.<br \/>\n<br \/>Yang\u0131n, \u015eirinevler Mahallesi 685 Sokak \u00fczerindeki iki katl\u0131 bir evin, ikinci kat\u0131nda meydana geldi. Evden dumanlar\u0131n y\u00fckseldi\u011fini fark eden mahalle sakinlerinin ihbar\u0131 \u00fczerine b\u00f6lgeye itfaiye, sa\u011fl\u0131k ve polis ekipleri sevk edildi. Olay yerine gelen itfaiye ekipleri yang\u0131n esnas\u0131nda evde bulunan 18 ya\u015f\u0131ndaki Makbule \u0130lhan\u2019\u0131 alevlerin aras\u0131ndan kurtararak sa\u011fl\u0131k ekiplerine teslim etti. Ayr\u0131ca yang\u0131nda dumandan etkilenen F.\u0130., A.\u0130. ve D.\u00d6. de hastanede tedavi alt\u0131na al\u0131nd\u0131. Hastaneye kald\u0131r\u0131lan Makbule \u0130lhan burada yap\u0131lan t\u00fcm m\u00fcdahalelere ra\u011fmen hayat\u0131n\u0131 kaybetti.<\/p>\n<p>&#8220;G\u00f6zya\u015flar\u0131 aras\u0131nda topra\u011fa verildi&#8221;<br \/>\n<br \/>Yang\u0131nda hayat\u0131n\u0131 kaybeden gen\u00e7 k\u0131z Ye\u015filyurt Camii\u2019nde \u00f6\u011fle namaz\u0131n\u0131 m\u00fcteakip k\u0131l\u0131nan cenaze namaz\u0131n\u0131n ard\u0131ndan Nazilli E\u011friboyun Aile Mezarl\u0131\u011f\u0131\u2019nda defnedildi. Cenazeye Nazilli Belediye Ba\u015fkan\u0131 Ertu\u011frul Tetik, siyasi parti temsilcileri, muhtarlar, oda ba\u015fkanlar\u0131, vatanda\u015flar ve aile yak\u0131nlar\u0131 kat\u0131ld\u0131.<br \/><\/p>\n","protected":false},"excerpt":{"rendered":"<p>Ayd\u0131n\u2019\u0131n Nazilli il\u00e7esindeki bir evde \u00e7\u0131kan yang\u0131nda hayat\u0131n\u0131 kaybeden 18 ya\u015f\u0131ndaki gen\u00e7 k\u0131z, Nazilli\u2019de sevenlerinin g\u00f6zya\u015flar\u0131 aras\u0131nda topra\u011fa verildi. Yang\u0131n, \u015eirinevler Mahallesi 685 Sokak \u00fczerindeki iki katl\u0131 bir evin, ikinci kat\u0131nda meydana geldi. Evden dumanlar\u0131n y\u00fckseldi\u011fini fark eden mahalle sakinlerinin ihbar\u0131 \u00fczerine b\u00f6lgeye itfaiye, sa\u011fl\u0131k ve polis ekipleri sevk edildi. Olay yerine gelen itfaiye ekipleri&#8230;<\/p>\n","protected":false},"author":1,"featured_media":68463,"comment_status":"open","ping_status":"open","sticky":false,"template":"","format":"standard","meta":{"_crdt_document":"","footnotes":""},"categories":[1],"tags":[],"class_list":["post-68462","post","type-post","status-publish","format-standard","has-post-thumbnail","hentry","category-guncel"],"_links":{"self":[{"href":"https:\/\/www.egemtv.com\/index.php?rest_route=\/wp\/v2\/posts\/68462","targetHints":{"allow":["GET"]}}],"collection":[{"href":"https:\/\/www.egemtv.com\/index.php?rest_route=\/wp\/v2\/posts"}],"about":[{"href":"https:\/\/www.egemtv.com\/index.php?rest_route=\/wp\/v2\/types\/post"}],"author":[{"embeddable":true,"href":"https:\/\/www.egemtv.com\/index.php?rest_route=\/wp\/v2\/users\/1"}],"replies":[{"embeddable":true,"href":"https:\/\/www.egemtv.com\/index.php?rest_route=%2Fwp%2Fv2%2Fcomments&post=68462"}],"version-history":[{"count":1,"href":"https:\/\/www.egemtv.com\/index.php?rest_route=\/wp\/v2\/posts\/68462\/revisions"}],"predecessor-version":[{"id":68464,"href":"https:\/\/www.egemtv.com\/index.php?rest_route=\/wp\/v2\/posts\/68462\/revisions\/68464"}],"wp:featuredmedia":[{"embeddable":true,"href":"https:\/\/www.egemtv.com\/index.php?rest_route=\/wp\/v2\/media\/68463"}],"wp:attachment":[{"href":"https:\/\/www.egemtv.com\/index.php?rest_route=%2Fwp%2Fv2%2Fmedia&parent=68462"}],"wp:term":[{"taxonomy":"category","embeddable":true,"href":"https:\/\/www.egemtv.com\/index.php?rest_route=%2Fwp%2Fv2%2Fcategories&post=68462"},{"taxonomy":"post_tag","embeddable":true,"href":"https:\/\/www.egemtv.com\/index.php?rest_route=%2Fwp%2Fv2%2Ftags&post=68462"}],"curies":[{"name":"wp","href":"https:\/\/api.w.org\/{rel}","templated":true}]}}