{"id":68372,"date":"2025-11-18T09:34:54","date_gmt":"2025-11-18T06:34:54","guid":{"rendered":"https:\/\/www.egemtv.com\/?p=68372"},"modified":"2025-11-18T09:34:55","modified_gmt":"2025-11-18T06:34:55","slug":"kutahya-sehir-hastanesinde-yogun-bakim-hemsireligi-sertifikali-egitim-programi","status":"publish","type":"post","link":"https:\/\/www.egemtv.com\/?p=68372","title":{"rendered":"K\u00fctahya \u015eehir Hastanesinde Yo\u011fun Bak\u0131m Hem\u015fireli\u011fi Sertifikal\u0131 E\u011fitim Program\u0131"},"content":{"rendered":"<p>K\u00fctahya \u015eehir Hastanesinde ilk defa d\u00fczenlenen Yo\u011fun Bak\u0131m Hem\u015fireli\u011fi Sertifikal\u0131 E\u011fitim Program\u0131n\u0131n ba\u015flad\u0131\u011f\u0131 bildirildi.<br \/>\n<br \/>Hastane konferans salonunda a\u00e7\u0131l\u0131\u015f\u0131 yap\u0131lan e\u011fitim program\u0131na Hastane Ba\u015fhekimi, Sa\u011fl\u0131k Bak\u0131m Hizmetleri M\u00fcd\u00fcr\u00fc, m\u00fcd\u00fcr yard\u0131mc\u0131lar\u0131 ve e\u011fitim hem\u015fireleri kat\u0131ld\u0131.<br \/>\n<br \/>Program\u0131n a\u00e7\u0131l\u0131\u015f konu\u015fmas\u0131nda Ba\u015fhekim Do\u00e7. Dr. Mehmet Fatih Ekici ve Sa\u011fl\u0131k Bak\u0131m Hizmetleri M\u00fcd\u00fcr\u00fc Sevil Akg\u00fcn kursiyerlere ba\u015far\u0131lar diledi.<br \/>\n<br \/>K\u00fctahya \u015eehir Hastanesinde ilki d\u00fczenlenen programa 12 kursiyer kat\u0131ld\u0131. 30 i\u015f g\u00fcn\u00fc i\u00e7inde 120 saati teorik, 120 saati ise uygulamal\u0131 e\u011fitim olarak yap\u0131lacak. Program sonunda e\u011fitimi ba\u015far\u0131 ile tamamlayan kat\u0131l\u0131mc\u0131lar Sa\u011fl\u0131k Bakanl\u0131\u011f\u0131 onayl\u0131 &#8220;Yo\u011fun Bak\u0131m Hem\u015fireli\u011fi Sertifikas\u0131&#8221; alamaya hak kazanacak.<br \/><\/p>\n","protected":false},"excerpt":{"rendered":"<p>K\u00fctahya \u015eehir Hastanesinde ilk defa d\u00fczenlenen Yo\u011fun Bak\u0131m Hem\u015fireli\u011fi Sertifikal\u0131 E\u011fitim Program\u0131n\u0131n ba\u015flad\u0131\u011f\u0131 bildirildi. Hastane konferans salonunda a\u00e7\u0131l\u0131\u015f\u0131 yap\u0131lan e\u011fitim program\u0131na Hastane Ba\u015fhekimi, Sa\u011fl\u0131k Bak\u0131m Hizmetleri M\u00fcd\u00fcr\u00fc, m\u00fcd\u00fcr yard\u0131mc\u0131lar\u0131 ve e\u011fitim hem\u015fireleri kat\u0131ld\u0131. Program\u0131n a\u00e7\u0131l\u0131\u015f konu\u015fmas\u0131nda Ba\u015fhekim Do\u00e7. Dr. Mehmet Fatih Ekici ve Sa\u011fl\u0131k Bak\u0131m Hizmetleri M\u00fcd\u00fcr\u00fc Sevil Akg\u00fcn kursiyerlere ba\u015far\u0131lar diledi. K\u00fctahya \u015eehir Hastanesinde&#8230;<\/p>\n","protected":false},"author":1,"featured_media":68373,"comment_status":"open","ping_status":"open","sticky":false,"template":"","format":"standard","meta":{"_crdt_document":"","footnotes":""},"categories":[1],"tags":[],"class_list":["post-68372","post","type-post","status-publish","format-standard","has-post-thumbnail","hentry","category-guncel"],"_links":{"self":[{"href":"https:\/\/www.egemtv.com\/index.php?rest_route=\/wp\/v2\/posts\/68372","targetHints":{"allow":["GET"]}}],"collection":[{"href":"https:\/\/www.egemtv.com\/index.php?rest_route=\/wp\/v2\/posts"}],"about":[{"href":"https:\/\/www.egemtv.com\/index.php?rest_route=\/wp\/v2\/types\/post"}],"author":[{"embeddable":true,"href":"https:\/\/www.egemtv.com\/index.php?rest_route=\/wp\/v2\/users\/1"}],"replies":[{"embeddable":true,"href":"https:\/\/www.egemtv.com\/index.php?rest_route=%2Fwp%2Fv2%2Fcomments&post=68372"}],"version-history":[{"count":1,"href":"https:\/\/www.egemtv.com\/index.php?rest_route=\/wp\/v2\/posts\/68372\/revisions"}],"predecessor-version":[{"id":68374,"href":"https:\/\/www.egemtv.com\/index.php?rest_route=\/wp\/v2\/posts\/68372\/revisions\/68374"}],"wp:featuredmedia":[{"embeddable":true,"href":"https:\/\/www.egemtv.com\/index.php?rest_route=\/wp\/v2\/media\/68373"}],"wp:attachment":[{"href":"https:\/\/www.egemtv.com\/index.php?rest_route=%2Fwp%2Fv2%2Fmedia&parent=68372"}],"wp:term":[{"taxonomy":"category","embeddable":true,"href":"https:\/\/www.egemtv.com\/index.php?rest_route=%2Fwp%2Fv2%2Fcategories&post=68372"},{"taxonomy":"post_tag","embeddable":true,"href":"https:\/\/www.egemtv.com\/index.php?rest_route=%2Fwp%2Fv2%2Ftags&post=68372"}],"curies":[{"name":"wp","href":"https:\/\/api.w.org\/{rel}","templated":true}]}}