{"id":68336,"date":"2025-11-17T17:34:52","date_gmt":"2025-11-17T14:34:52","guid":{"rendered":"https:\/\/www.egemtv.com\/?p=68336"},"modified":"2025-11-17T17:34:52","modified_gmt":"2025-11-17T14:34:52","slug":"catidan-dusen-sahis-hayatini-kaybetti","status":"publish","type":"post","link":"https:\/\/www.egemtv.com\/?p=68336","title":{"rendered":"\u00c7at\u0131dan d\u00fc\u015fen \u015fah\u0131s hayat\u0131n\u0131 kaybetti"},"content":{"rendered":"<p>Mu\u011fla\u2019n\u0131n Yata\u011fan il\u00e7esinde tadilat i\u00e7in \u00e7\u0131kt\u0131\u011f\u0131 \u00e7at\u0131dan d\u00fc\u015fen \u015fah\u0131s hayat\u0131n\u0131 kaybetti.<br \/>\n<br \/>Mu\u011fla\u2019n\u0131n Yata\u011fan il\u00e7esine ba\u011fl\u0131 Boz\u00fcy\u00fck Mahallesi\u2019nde evinin \u00e7at\u0131s\u0131nda tadilat \u00e7al\u0131\u015fmas\u0131 yapan 47 ya\u015f\u0131ndaki A.K., dengesini kaybederek \u00e7at\u0131dan d\u00fc\u015ft\u00fc. Talihsiz adam, d\u00fc\u015fmenin etkisiyle a\u011f\u0131r yaraland\u0131.<br \/>\n<br \/>\u0130hbar \u00fczerine olay yerine gelen sa\u011fl\u0131k ekipleri taraf\u0131ndan Yata\u011fan Devlet Hastanesi\u2019ne kald\u0131r\u0131lan A.K., burada yap\u0131lan t\u00fcm m\u00fcdahalelere ra\u011fmen kurtar\u0131lamayarak ya\u015fam\u0131n\u0131 yitirdi.<br \/>\n<br \/>Olayla ilgili soru\u015fturma ba\u015flat\u0131ld\u0131\u011f\u0131 \u00f6\u011frenildi.<br \/><\/p>\n","protected":false},"excerpt":{"rendered":"<p>Mu\u011fla\u2019n\u0131n Yata\u011fan il\u00e7esinde tadilat i\u00e7in \u00e7\u0131kt\u0131\u011f\u0131 \u00e7at\u0131dan d\u00fc\u015fen \u015fah\u0131s hayat\u0131n\u0131 kaybetti. Mu\u011fla\u2019n\u0131n Yata\u011fan il\u00e7esine ba\u011fl\u0131 Boz\u00fcy\u00fck Mahallesi\u2019nde evinin \u00e7at\u0131s\u0131nda tadilat \u00e7al\u0131\u015fmas\u0131 yapan 47 ya\u015f\u0131ndaki A.K., dengesini kaybederek \u00e7at\u0131dan d\u00fc\u015ft\u00fc. Talihsiz adam, d\u00fc\u015fmenin etkisiyle a\u011f\u0131r yaraland\u0131. \u0130hbar \u00fczerine olay yerine gelen sa\u011fl\u0131k ekipleri taraf\u0131ndan Yata\u011fan Devlet Hastanesi\u2019ne kald\u0131r\u0131lan A.K., burada yap\u0131lan t\u00fcm m\u00fcdahalelere ra\u011fmen kurtar\u0131lamayarak ya\u015fam\u0131n\u0131&#8230;<\/p>\n","protected":false},"author":1,"featured_media":68337,"comment_status":"open","ping_status":"open","sticky":false,"template":"","format":"standard","meta":{"_crdt_document":"","footnotes":""},"categories":[5],"tags":[],"class_list":["post-68336","post","type-post","status-publish","format-standard","has-post-thumbnail","hentry","category-asayis"],"_links":{"self":[{"href":"https:\/\/www.egemtv.com\/index.php?rest_route=\/wp\/v2\/posts\/68336","targetHints":{"allow":["GET"]}}],"collection":[{"href":"https:\/\/www.egemtv.com\/index.php?rest_route=\/wp\/v2\/posts"}],"about":[{"href":"https:\/\/www.egemtv.com\/index.php?rest_route=\/wp\/v2\/types\/post"}],"author":[{"embeddable":true,"href":"https:\/\/www.egemtv.com\/index.php?rest_route=\/wp\/v2\/users\/1"}],"replies":[{"embeddable":true,"href":"https:\/\/www.egemtv.com\/index.php?rest_route=%2Fwp%2Fv2%2Fcomments&post=68336"}],"version-history":[{"count":1,"href":"https:\/\/www.egemtv.com\/index.php?rest_route=\/wp\/v2\/posts\/68336\/revisions"}],"predecessor-version":[{"id":68338,"href":"https:\/\/www.egemtv.com\/index.php?rest_route=\/wp\/v2\/posts\/68336\/revisions\/68338"}],"wp:featuredmedia":[{"embeddable":true,"href":"https:\/\/www.egemtv.com\/index.php?rest_route=\/wp\/v2\/media\/68337"}],"wp:attachment":[{"href":"https:\/\/www.egemtv.com\/index.php?rest_route=%2Fwp%2Fv2%2Fmedia&parent=68336"}],"wp:term":[{"taxonomy":"category","embeddable":true,"href":"https:\/\/www.egemtv.com\/index.php?rest_route=%2Fwp%2Fv2%2Fcategories&post=68336"},{"taxonomy":"post_tag","embeddable":true,"href":"https:\/\/www.egemtv.com\/index.php?rest_route=%2Fwp%2Fv2%2Ftags&post=68336"}],"curies":[{"name":"wp","href":"https:\/\/api.w.org\/{rel}","templated":true}]}}