{"id":68333,"date":"2025-11-17T17:34:51","date_gmt":"2025-11-17T14:34:51","guid":{"rendered":"https:\/\/www.egemtv.com\/?p=68333"},"modified":"2025-11-17T17:34:52","modified_gmt":"2025-11-17T14:34:52","slug":"hediyem-81-ilin-81-ogretmenine-projesinde-paketler-milastan-yola-cikti","status":"publish","type":"post","link":"https:\/\/www.egemtv.com\/?p=68333","title":{"rendered":"&#8220;Hediyem 81 \u0130lin 81 \u00d6\u011fretmenine&#8221; projesinde paketler Milas\u2019tan yola \u00e7\u0131kt\u0131"},"content":{"rendered":"<p>Milas Kaymakaml\u0131\u011f\u0131 himayelerinde, Milas \u0130l\u00e7e Milli E\u011fitim M\u00fcd\u00fcrl\u00fc\u011f\u00fc, Milas Belediyesi ve Milas \u0130l\u00e7e Tar\u0131m ve Orman M\u00fcd\u00fcrl\u00fc\u011f\u00fc i\u015f birli\u011fiyle bu y\u0131l alt\u0131nc\u0131s\u0131 d\u00fczenlenecek olan &#8220;Hediyem 81 \u0130lin 81 \u00d6\u011fretmenine&#8221; projesi kapsam\u0131nda haz\u0131rl\u0131klar tamamland\u0131. Hediye paketleri, T\u00fcrkiye\u2019nin 81 iline do\u011fru yola \u00e7\u0131kt\u0131.<br \/>\n<br \/>Milas \u0130l\u00e7e Milli E\u011fitim M\u00fcd\u00fcrl\u00fc\u011f\u00fc, 24 Kas\u0131m \u00d6\u011fretmenler G\u00fcn\u00fc dolay\u0131s\u0131yla T\u00fcrkiye\u2019nin 81 ilinde g\u00f6rev yapan 81 \u00f6\u011fretmene s\u00fcrpriz hediye kutusu g\u00f6nderdi. Bu y\u0131l 6. kez yap\u0131lan &#8220;Hediyem 81 \u0130lin 81 \u00d6\u011fretmenine&#8221; Projesi kapsam\u0131nda haz\u0131rlanan paketler kargo arac\u0131l\u0131\u011f\u0131yla \u00f6\u011fretmenlere ula\u015ft\u0131r\u0131lacak. Paketler, okul bah\u00e7esinde Milas Kaymakam\u0131 M. \u00dcnver B\u00f6ke, \u0130l\u00e7e Tar\u0131m ve Orman M\u00fcd\u00fcr\u00fc Ali Parlu, \u0130l\u00e7e Milli E\u011fitim M\u00fcd\u00fcr\u00fc \u0130sa Bal, \u015fube m\u00fcd\u00fcrleri, Milas\u2019ta g\u00f6rev yapan \u00f6\u011fretmenler ve il\u00e7e m\u00fcd\u00fcrl\u00fc\u011f\u00fc personeli taraf\u0131ndan haz\u0131rlanarak kargo arac\u0131na y\u00fcklendi.<br \/>\n<br \/>Proje ilgili a\u00e7\u0131klamada bulunan Milas \u0130l\u00e7e Milli E\u011fitim M\u00fcd\u00fcr\u00fc \u0130sa Bal, projenin alt\u0131nc\u0131 kez hayata ge\u00e7irilmesinden duydu\u011fu memnuniyeti \u015fu s\u00f6zlerle ifade etti: &#8220;Milas\u2019tan do\u011fan bu anlaml\u0131 projenin \u00fclke genelinde yank\u0131 bulmas\u0131 bizleri son derece gururland\u0131r\u0131yor. \u00d6\u011fretmenlerimize de\u011fer vermek, onlar\u0131n emeklerini takdir etmek ve bu k\u0131ymeti t\u00fcm T\u00fcrkiye\u2019ye ula\u015ft\u0131rmak amac\u0131yla \u00e7\u0131kt\u0131\u011f\u0131m\u0131z bu yolda, alt\u0131nc\u0131 kez ayn\u0131 heyecanla haz\u0131rl\u0131klar\u0131m\u0131z\u0131 s\u00fcrd\u00fcr\u00fcyoruz. Bu projeyle hem il\u00e7emizin e\u011fitim vizyonunu hem de \u00f6\u011fretmenlik mesle\u011finin toplumdaki yerini daha g\u00f6r\u00fcn\u00fcr k\u0131lmay\u0131 ama\u00e7l\u0131yoruz&#8221;<br \/><\/p>\n","protected":false},"excerpt":{"rendered":"<p>Milas Kaymakaml\u0131\u011f\u0131 himayelerinde, Milas \u0130l\u00e7e Milli E\u011fitim M\u00fcd\u00fcrl\u00fc\u011f\u00fc, Milas Belediyesi ve Milas \u0130l\u00e7e Tar\u0131m ve Orman M\u00fcd\u00fcrl\u00fc\u011f\u00fc i\u015f birli\u011fiyle bu y\u0131l alt\u0131nc\u0131s\u0131 d\u00fczenlenecek olan &#8220;Hediyem 81 \u0130lin 81 \u00d6\u011fretmenine&#8221; projesi kapsam\u0131nda haz\u0131rl\u0131klar tamamland\u0131. Hediye paketleri, T\u00fcrkiye\u2019nin 81 iline do\u011fru yola \u00e7\u0131kt\u0131. Milas \u0130l\u00e7e Milli E\u011fitim M\u00fcd\u00fcrl\u00fc\u011f\u00fc, 24 Kas\u0131m \u00d6\u011fretmenler G\u00fcn\u00fc dolay\u0131s\u0131yla T\u00fcrkiye\u2019nin 81 ilinde g\u00f6rev&#8230;<\/p>\n","protected":false},"author":1,"featured_media":68334,"comment_status":"open","ping_status":"open","sticky":false,"template":"","format":"standard","meta":{"_crdt_document":"","footnotes":""},"categories":[1],"tags":[],"class_list":["post-68333","post","type-post","status-publish","format-standard","has-post-thumbnail","hentry","category-guncel"],"_links":{"self":[{"href":"https:\/\/www.egemtv.com\/index.php?rest_route=\/wp\/v2\/posts\/68333","targetHints":{"allow":["GET"]}}],"collection":[{"href":"https:\/\/www.egemtv.com\/index.php?rest_route=\/wp\/v2\/posts"}],"about":[{"href":"https:\/\/www.egemtv.com\/index.php?rest_route=\/wp\/v2\/types\/post"}],"author":[{"embeddable":true,"href":"https:\/\/www.egemtv.com\/index.php?rest_route=\/wp\/v2\/users\/1"}],"replies":[{"embeddable":true,"href":"https:\/\/www.egemtv.com\/index.php?rest_route=%2Fwp%2Fv2%2Fcomments&post=68333"}],"version-history":[{"count":1,"href":"https:\/\/www.egemtv.com\/index.php?rest_route=\/wp\/v2\/posts\/68333\/revisions"}],"predecessor-version":[{"id":68335,"href":"https:\/\/www.egemtv.com\/index.php?rest_route=\/wp\/v2\/posts\/68333\/revisions\/68335"}],"wp:featuredmedia":[{"embeddable":true,"href":"https:\/\/www.egemtv.com\/index.php?rest_route=\/wp\/v2\/media\/68334"}],"wp:attachment":[{"href":"https:\/\/www.egemtv.com\/index.php?rest_route=%2Fwp%2Fv2%2Fmedia&parent=68333"}],"wp:term":[{"taxonomy":"category","embeddable":true,"href":"https:\/\/www.egemtv.com\/index.php?rest_route=%2Fwp%2Fv2%2Fcategories&post=68333"},{"taxonomy":"post_tag","embeddable":true,"href":"https:\/\/www.egemtv.com\/index.php?rest_route=%2Fwp%2Fv2%2Ftags&post=68333"}],"curies":[{"name":"wp","href":"https:\/\/api.w.org\/{rel}","templated":true}]}}