{"id":68330,"date":"2025-11-17T17:14:56","date_gmt":"2025-11-17T14:14:56","guid":{"rendered":"https:\/\/www.egemtv.com\/?p=68330"},"modified":"2025-11-17T17:14:57","modified_gmt":"2025-11-17T14:14:57","slug":"izmirdeki-yanginda-5-konteyner-ve-2-arac-kul-oldu","status":"publish","type":"post","link":"https:\/\/www.egemtv.com\/?p=68330","title":{"rendered":"\u0130zmir\u2019deki yang\u0131nda 5 konteyner ve 2 ara\u00e7 k\u00fcl oldu"},"content":{"rendered":"<p>\u0130zmir\u2019in Bayrakl\u0131 il\u00e7esinde bir in\u015faat firmas\u0131na ait \u015fantiyede i\u015f\u00e7ilerin kald\u0131\u011f\u0131 konteynerlerde yang\u0131n \u00e7\u0131kt\u0131. K\u0131sa s\u00fcrede b\u00fcy\u00fcyen yang\u0131nda 5 konteyner ve 2 ara\u00e7 k\u00fcle d\u00f6nerken alevler nedeniyle i\u015f\u00e7ilerin ki\u015fisel e\u015fyalar\u0131 da tamamen yand\u0131.<br \/>\n<br \/>Yang\u0131n bug\u00fcn saat 15.30 s\u0131ralar\u0131nda Bayrakl\u0131 Adalet Mahallesi\u2019nde meydana geldi. Edinilen bilgilere g\u00f6re, bir in\u015faat firmas\u0131na ait \u015fantiyede i\u015f\u00e7ilerin kald\u0131\u011f\u0131 konteynerde hen\u00fcz belirlenemeyen bir nedenle yang\u0131n \u00e7\u0131kt\u0131. K\u0131sa s\u00fcrede b\u00fcy\u00fcyen alevler \u00fczerine b\u00f6lgeye \u00e7ok say\u0131da itfaiye ve polis ekibi sevk edildi. Olay yerine ula\u015fan itfaiye ekipleri yang\u0131n\u0131 kontrol alt\u0131na alarak s\u00f6nd\u00fcrd\u00fc, so\u011futma \u00e7al\u0131\u015fmalar\u0131 ise devam ediyor. \u0130lk belirlemelere g\u00f6re 5 konteyner ile 2 ara\u00e7 tamamen yanarak kullan\u0131lamaz hale geldi. Yang\u0131n s\u0131ras\u0131nda konteynerlerde bulunan i\u015f\u00e7ilerin ki\u015fisel e\u015fyalar\u0131n\u0131n da tamamen yand\u0131\u011f\u0131 \u00f6\u011frenildi.<\/p>\n<p>E\u015fyalar\u0131 yand\u0131<br \/>\n<br \/>Yang\u0131n\u0131n \u00e7\u0131kt\u0131\u011f\u0131 konteynerde kald\u0131\u011f\u0131n\u0131 ifade eden in\u015faat i\u015f\u00e7isi Kadir Alan, &#8220;Kald\u0131\u011f\u0131m\u0131z yer komple yand\u0131. Olay\u0131 tam olarak bilmiyoruz, biz zaten sahada \u00e7al\u0131\u015f\u0131yoruz. B\u00fcy\u00fck ihtimalle, y\u00fczde 90 elektrik konta\u011f\u0131ndan \u00e7\u0131km\u0131\u015f olmas\u0131 laz\u0131m. Bir anda duman y\u00fckselince ko\u015farak geldik. Sadece baz\u0131lar\u0131 arabas\u0131n\u0131 kurtarabildi, zaten e\u015fya alamad\u0131k. Kimisi can\u0131n\u0131 zor kurtard\u0131. E\u015fyalar\u0131m\u0131z, her \u015feyimiz yand\u0131. Hi\u00e7bir \u015feyimiz kalmad\u0131. Bir insan\u0131n giymesi i\u00e7in ne gerekiyorsa hepsi, kimli\u011fimiz, ehliyetimiz, her \u015feyimiz yand\u0131&#8221; dedi.<\/p>\n<p>Canlar\u0131n\u0131 zor kurtard\u0131lar<br \/>\n<br \/>\u015eantiyede kalan bir ba\u015fka gurbet\u00e7i i\u015f\u00e7i Ahmet \u00d6nder ise &#8220;5-10 dakika sonra her \u015fey yand\u0131 bitti, siyah dumanlar vard\u0131, ba\u015fka bir \u015fey yoktu. Allah\u2019tan can\u0131m\u0131za bir \u015fey olmad\u0131. Yapacak da bir \u015fey yok, bu kadar. Konteynerlarda kal\u0131yorduk, b\u00fct\u00fcn e\u015fyalar\u0131m\u0131z ve malzemelerimiz vard\u0131. \u00c7antam\u0131z, e\u015fyalar\u0131m\u0131z, kimliklerimiz, kartlar\u0131m\u0131z hepsi gitti&#8221; diye ekledi.<br \/>\n<br \/>\u015eantiye sahas\u0131na beton d\u00f6k\u00fcm\u00fc i\u00e7in geldi\u011fini belirten Volkan Marangoz da &#8220;Biz tam burada beton d\u00f6k\u00fcyorduk. Bir anda ko\u011fu\u015flardan yang\u0131n \u00e7\u0131kt\u0131. Yang\u0131n \u00e7\u0131k\u0131nca millet ko\u011fu\u015flara gidip e\u015fyalar\u0131n\u0131 \u00e7\u0131karmaya \u00e7al\u0131\u015ft\u0131 ama pek kimse bir \u015fey \u00e7\u0131karamad\u0131. Burada arabalar s\u0131ral\u0131yd\u0131; iki \u00fc\u00e7 tane araba da yand\u0131 gitti. Milletin b\u00fct\u00fcn e\u015fyalar\u0131 yand\u0131. Yang\u0131n\u0131 g\u00f6r\u00fcnce herkes ko\u015fup geldi; biz de betonu durdurup ko\u015ftuk. \u0130\u00e7eride biri var m\u0131 yok mu diye bakt\u0131k ama Allah\u2019tan kimse yoktu. \u015euradan mikseri i\u00e7eri sokup biraz su tutmaya \u00e7al\u0131\u015ft\u0131k ama mikserin suyu da fayda etmedi. Sonra itfaiyeyi \u00e7a\u011f\u0131rd\u0131lar; itfaiye gelene kadar duman \u00e7oktu, kapkara duman y\u00fckseldi. Her yerden duman g\u00f6r\u00fcn\u00fcyordu, konteynerlerin i\u00e7i trafolu oldu\u011fu i\u00e7in daha da fazla duman \u00e7\u0131kt\u0131. Her yer kapkara oldu, g\u00f6z g\u00f6z\u00fc g\u00f6rmedi. \u0130\u00e7eridekiler can havliyle kendini d\u0131\u015far\u0131 att\u0131; kimi ikinci kattan atlad\u0131. Milletin i\u00e7eride e\u015fyalar\u0131, telefonlar\u0131, kiminin y\u00fckl\u00fc miktarda nakit paras\u0131 da gitti, kiminin arabas\u0131 yand\u0131&#8221; ifadelerini kulland\u0131.<br \/><\/p>\n","protected":false},"excerpt":{"rendered":"<p>\u0130zmir\u2019in Bayrakl\u0131 il\u00e7esinde bir in\u015faat firmas\u0131na ait \u015fantiyede i\u015f\u00e7ilerin kald\u0131\u011f\u0131 konteynerlerde yang\u0131n \u00e7\u0131kt\u0131. K\u0131sa s\u00fcrede b\u00fcy\u00fcyen yang\u0131nda 5 konteyner ve 2 ara\u00e7 k\u00fcle d\u00f6nerken alevler nedeniyle i\u015f\u00e7ilerin ki\u015fisel e\u015fyalar\u0131 da tamamen yand\u0131. Yang\u0131n bug\u00fcn saat 15.30 s\u0131ralar\u0131nda Bayrakl\u0131 Adalet Mahallesi\u2019nde meydana geldi. Edinilen bilgilere g\u00f6re, bir in\u015faat firmas\u0131na ait \u015fantiyede i\u015f\u00e7ilerin kald\u0131\u011f\u0131 konteynerde hen\u00fcz belirlenemeyen&#8230;<\/p>\n","protected":false},"author":1,"featured_media":68331,"comment_status":"open","ping_status":"open","sticky":false,"template":"","format":"standard","meta":{"_crdt_document":"","footnotes":""},"categories":[5],"tags":[],"class_list":["post-68330","post","type-post","status-publish","format-standard","has-post-thumbnail","hentry","category-asayis"],"_links":{"self":[{"href":"https:\/\/www.egemtv.com\/index.php?rest_route=\/wp\/v2\/posts\/68330","targetHints":{"allow":["GET"]}}],"collection":[{"href":"https:\/\/www.egemtv.com\/index.php?rest_route=\/wp\/v2\/posts"}],"about":[{"href":"https:\/\/www.egemtv.com\/index.php?rest_route=\/wp\/v2\/types\/post"}],"author":[{"embeddable":true,"href":"https:\/\/www.egemtv.com\/index.php?rest_route=\/wp\/v2\/users\/1"}],"replies":[{"embeddable":true,"href":"https:\/\/www.egemtv.com\/index.php?rest_route=%2Fwp%2Fv2%2Fcomments&post=68330"}],"version-history":[{"count":1,"href":"https:\/\/www.egemtv.com\/index.php?rest_route=\/wp\/v2\/posts\/68330\/revisions"}],"predecessor-version":[{"id":68332,"href":"https:\/\/www.egemtv.com\/index.php?rest_route=\/wp\/v2\/posts\/68330\/revisions\/68332"}],"wp:featuredmedia":[{"embeddable":true,"href":"https:\/\/www.egemtv.com\/index.php?rest_route=\/wp\/v2\/media\/68331"}],"wp:attachment":[{"href":"https:\/\/www.egemtv.com\/index.php?rest_route=%2Fwp%2Fv2%2Fmedia&parent=68330"}],"wp:term":[{"taxonomy":"category","embeddable":true,"href":"https:\/\/www.egemtv.com\/index.php?rest_route=%2Fwp%2Fv2%2Fcategories&post=68330"},{"taxonomy":"post_tag","embeddable":true,"href":"https:\/\/www.egemtv.com\/index.php?rest_route=%2Fwp%2Fv2%2Ftags&post=68330"}],"curies":[{"name":"wp","href":"https:\/\/api.w.org\/{rel}","templated":true}]}}