{"id":68324,"date":"2025-11-17T17:14:54","date_gmt":"2025-11-17T14:14:54","guid":{"rendered":"https:\/\/www.egemtv.com\/?p=68324"},"modified":"2025-11-17T17:14:55","modified_gmt":"2025-11-17T14:14:55","slug":"dunya-premature-gunu-adu-hastanesinde-kutlandi","status":"publish","type":"post","link":"https:\/\/www.egemtv.com\/?p=68324","title":{"rendered":"D\u00fcnya Premat\u00fcre G\u00fcn\u00fc AD\u00dc Hastanesi\u2019nde kutland\u0131"},"content":{"rendered":"<p>Ayd\u0131n Adnan Menderes \u00dcniversitesi Hastanesi Yenido\u011fan Bilim Dal\u0131, 17 Kas\u0131m D\u00fcnya Premat\u00fcre G\u00fcn\u00fc kapsam\u0131nda  bir etkinlik ger\u00e7ekle\u015ftirdi.<\/p>\n<p>Yenido\u011fan Bilim Dal\u0131 Ba\u015fkan\u0131 Prof. Dr. Bar\u0131\u015f Ak\u00e7an ve Yenido\u011fan Bilim Dal\u0131 \u00f6\u011fretim \u00fcyesi Do\u00e7. Dr. Ay\u015fe An\u0131k, yenido\u011fan yo\u011fun bak\u0131m hem\u015fireleri ile pediatri asistanlar\u0131yla birlikte bir araya gelerek g\u00fcn\u00fc kutlad\u0131. Etkinlikte premat\u00fcre bebeklerin hayata tutunma s\u00fcre\u00e7lerine dikkat \u00e7ekilirken, yenido\u011fan ekibinin bu s\u00fcre\u00e7te \u00fcstlendi\u011fi kritik rol vurguland\u0131. Yenido\u011fan Yo\u011fun Bak\u0131m \u00dcnitesi, mor renk temas\u0131 ve fark\u0131ndal\u0131k materyalleriyle donat\u0131larak premat\u00fcre bebeklere y\u00f6nelik fark\u0131ndal\u0131\u011f\u0131n art\u0131r\u0131lmas\u0131 ama\u00e7lan\u0131rken, Yenido\u011fan Bilim Dal\u0131 taraf\u0131ndan d\u00fczenlenen etkinlikte premat\u00fcre bebeklere verilen \u00f6nemin bir kez daha alt\u0131 \u00e7izildi.<br \/><\/p>\n","protected":false},"excerpt":{"rendered":"<p>Ayd\u0131n Adnan Menderes \u00dcniversitesi Hastanesi Yenido\u011fan Bilim Dal\u0131, 17 Kas\u0131m D\u00fcnya Premat\u00fcre G\u00fcn\u00fc kapsam\u0131nda bir etkinlik ger\u00e7ekle\u015ftirdi. Yenido\u011fan Bilim Dal\u0131 Ba\u015fkan\u0131 Prof. Dr. Bar\u0131\u015f Ak\u00e7an ve Yenido\u011fan Bilim Dal\u0131 \u00f6\u011fretim \u00fcyesi Do\u00e7. Dr. Ay\u015fe An\u0131k, yenido\u011fan yo\u011fun bak\u0131m hem\u015fireleri ile pediatri asistanlar\u0131yla birlikte bir araya gelerek g\u00fcn\u00fc kutlad\u0131. Etkinlikte premat\u00fcre bebeklerin hayata tutunma s\u00fcre\u00e7lerine dikkat&#8230;<\/p>\n","protected":false},"author":1,"featured_media":68325,"comment_status":"open","ping_status":"open","sticky":false,"template":"","format":"standard","meta":{"_crdt_document":"","footnotes":""},"categories":[1],"tags":[],"class_list":["post-68324","post","type-post","status-publish","format-standard","has-post-thumbnail","hentry","category-guncel"],"_links":{"self":[{"href":"https:\/\/www.egemtv.com\/index.php?rest_route=\/wp\/v2\/posts\/68324","targetHints":{"allow":["GET"]}}],"collection":[{"href":"https:\/\/www.egemtv.com\/index.php?rest_route=\/wp\/v2\/posts"}],"about":[{"href":"https:\/\/www.egemtv.com\/index.php?rest_route=\/wp\/v2\/types\/post"}],"author":[{"embeddable":true,"href":"https:\/\/www.egemtv.com\/index.php?rest_route=\/wp\/v2\/users\/1"}],"replies":[{"embeddable":true,"href":"https:\/\/www.egemtv.com\/index.php?rest_route=%2Fwp%2Fv2%2Fcomments&post=68324"}],"version-history":[{"count":1,"href":"https:\/\/www.egemtv.com\/index.php?rest_route=\/wp\/v2\/posts\/68324\/revisions"}],"predecessor-version":[{"id":68326,"href":"https:\/\/www.egemtv.com\/index.php?rest_route=\/wp\/v2\/posts\/68324\/revisions\/68326"}],"wp:featuredmedia":[{"embeddable":true,"href":"https:\/\/www.egemtv.com\/index.php?rest_route=\/wp\/v2\/media\/68325"}],"wp:attachment":[{"href":"https:\/\/www.egemtv.com\/index.php?rest_route=%2Fwp%2Fv2%2Fmedia&parent=68324"}],"wp:term":[{"taxonomy":"category","embeddable":true,"href":"https:\/\/www.egemtv.com\/index.php?rest_route=%2Fwp%2Fv2%2Fcategories&post=68324"},{"taxonomy":"post_tag","embeddable":true,"href":"https:\/\/www.egemtv.com\/index.php?rest_route=%2Fwp%2Fv2%2Ftags&post=68324"}],"curies":[{"name":"wp","href":"https:\/\/api.w.org\/{rel}","templated":true}]}}