{"id":68321,"date":"2025-11-17T16:54:59","date_gmt":"2025-11-17T13:54:59","guid":{"rendered":"https:\/\/www.egemtv.com\/?p=68321"},"modified":"2025-11-17T16:55:00","modified_gmt":"2025-11-17T13:55:00","slug":"kutahya-osbnin-duayen-ismi-bekir-eskioglu-son-yolculuguna-ugurlandi","status":"publish","type":"post","link":"https:\/\/www.egemtv.com\/?p=68321","title":{"rendered":"K\u00fctahya OSB\u2019nin duayen ismi Bekir Eskio\u011flu son yolculu\u011funa u\u011furland\u0131"},"content":{"rendered":"<p>K\u00fctahya Organize Sanayi B\u00f6lgesi\u2019nin geli\u015fimine uzun y\u0131llar boyunca \u00f6nemli katk\u0131lar sunan, sanayi camias\u0131nda sayg\u0131yla an\u0131lan merhum Bekir Eskio\u011flu, bug\u00fcn d\u00fczenlenen t\u00f6renle son yolculu\u011funa u\u011furland\u0131.<br \/>\n<br \/>K\u00fctahya OSB Y\u00f6netim Kurulu Ba\u015fkan\u0131 Tolga Eskio\u011flu ve sanayici Umut Eskio\u011flu\u2019nun babas\u0131 olan Bekir Eskio\u011flu i\u00e7in, K\u00fctahya Ulu Cami\u2019de \u00f6\u011fle namaz\u0131na m\u00fcteakip cenaze t\u00f6reni ger\u00e7ekle\u015ftirildi.<br \/>\n<br \/>T\u00f6rene K\u00fctahya il protokol\u00fc, i\u015f d\u00fcnyas\u0131ndan \u00e7ok say\u0131da temsilci, sanayiciler, kurum y\u00f6neticileri ve vatanda\u015flar kat\u0131larak Eskio\u011flu ailesinin ac\u0131s\u0131n\u0131 payla\u015ft\u0131.<br \/>\n<br \/>K\u0131l\u0131nan cenaze namaz\u0131n\u0131n ard\u0131ndan merhum Bekir Eskio\u011flu, Evliya \u00c7elebi Mezarl\u0131\u011f\u0131\u2019nda dualar e\u015fli\u011finde topra\u011fa verildi.<br \/>\n<br \/>K\u00fctahya Organize Sanayi B\u00f6lgesi, merhuma Allah\u2019tan rahmet; Y\u00f6netim Kurulu Ba\u015fkan\u0131 Tolga Eskio\u011flu ba\u015fta olmak \u00fczere t\u00fcm ailesi ve yak\u0131nlar\u0131na ba\u015fsa\u011fl\u0131\u011f\u0131 diledi.<br \/><\/p>\n","protected":false},"excerpt":{"rendered":"<p>K\u00fctahya Organize Sanayi B\u00f6lgesi\u2019nin geli\u015fimine uzun y\u0131llar boyunca \u00f6nemli katk\u0131lar sunan, sanayi camias\u0131nda sayg\u0131yla an\u0131lan merhum Bekir Eskio\u011flu, bug\u00fcn d\u00fczenlenen t\u00f6renle son yolculu\u011funa u\u011furland\u0131. K\u00fctahya OSB Y\u00f6netim Kurulu Ba\u015fkan\u0131 Tolga Eskio\u011flu ve sanayici Umut Eskio\u011flu\u2019nun babas\u0131 olan Bekir Eskio\u011flu i\u00e7in, K\u00fctahya Ulu Cami\u2019de \u00f6\u011fle namaz\u0131na m\u00fcteakip cenaze t\u00f6reni ger\u00e7ekle\u015ftirildi. T\u00f6rene K\u00fctahya il protokol\u00fc, i\u015f d\u00fcnyas\u0131ndan&#8230;<\/p>\n","protected":false},"author":1,"featured_media":68322,"comment_status":"open","ping_status":"open","sticky":false,"template":"","format":"standard","meta":{"_crdt_document":"","footnotes":""},"categories":[123],"tags":[],"class_list":["post-68321","post","type-post","status-publish","format-standard","has-post-thumbnail","hentry","category-gundem"],"_links":{"self":[{"href":"https:\/\/www.egemtv.com\/index.php?rest_route=\/wp\/v2\/posts\/68321","targetHints":{"allow":["GET"]}}],"collection":[{"href":"https:\/\/www.egemtv.com\/index.php?rest_route=\/wp\/v2\/posts"}],"about":[{"href":"https:\/\/www.egemtv.com\/index.php?rest_route=\/wp\/v2\/types\/post"}],"author":[{"embeddable":true,"href":"https:\/\/www.egemtv.com\/index.php?rest_route=\/wp\/v2\/users\/1"}],"replies":[{"embeddable":true,"href":"https:\/\/www.egemtv.com\/index.php?rest_route=%2Fwp%2Fv2%2Fcomments&post=68321"}],"version-history":[{"count":1,"href":"https:\/\/www.egemtv.com\/index.php?rest_route=\/wp\/v2\/posts\/68321\/revisions"}],"predecessor-version":[{"id":68323,"href":"https:\/\/www.egemtv.com\/index.php?rest_route=\/wp\/v2\/posts\/68321\/revisions\/68323"}],"wp:featuredmedia":[{"embeddable":true,"href":"https:\/\/www.egemtv.com\/index.php?rest_route=\/wp\/v2\/media\/68322"}],"wp:attachment":[{"href":"https:\/\/www.egemtv.com\/index.php?rest_route=%2Fwp%2Fv2%2Fmedia&parent=68321"}],"wp:term":[{"taxonomy":"category","embeddable":true,"href":"https:\/\/www.egemtv.com\/index.php?rest_route=%2Fwp%2Fv2%2Fcategories&post=68321"},{"taxonomy":"post_tag","embeddable":true,"href":"https:\/\/www.egemtv.com\/index.php?rest_route=%2Fwp%2Fv2%2Ftags&post=68321"}],"curies":[{"name":"wp","href":"https:\/\/api.w.org\/{rel}","templated":true}]}}