{"id":68318,"date":"2025-11-17T16:54:58","date_gmt":"2025-11-17T13:54:58","guid":{"rendered":"https:\/\/www.egemtv.com\/?p=68318"},"modified":"2025-11-17T16:54:59","modified_gmt":"2025-11-17T13:54:59","slug":"aydinda-zeytin-hasadi-suruyor","status":"publish","type":"post","link":"https:\/\/www.egemtv.com\/?p=68318","title":{"rendered":"Ayd\u0131n\u2019da zeytin hasad\u0131 s\u00fcr\u00fcyor"},"content":{"rendered":"<p>Ayd\u0131n\u2019\u0131n Nazilli il\u00e7esinde sezonun ba\u015flamas\u0131 ile birlikte zeytin bah\u00e7elerinde de hareketlilik s\u00fcr\u00fcyor. Yakla\u015f\u0131k bir ay \u00f6nce sofral\u0131k ye\u015fil zeytin hasad\u0131na ba\u015flan\u0131rken \u015fimdilerde de hem sofral\u0131k hem de ya\u011fl\u0131k zeytin hasad\u0131 hummal\u0131 bir \u015fekilde devam ediyor.  Yal\u0131nkuyu Mahallesi\u2019ndeki zeytin hasad\u0131na Kaymakam Huriye K\u00fcpeli Kan ve beraberindeki protokol \u00fcyeleri de kat\u0131ld\u0131.<\/p>\n<p>82 mahallesi bulunan Nazilli\u2019nin k\u0131rsal 56 mahallesinde devam eden hasat \u00e7al\u0131\u015fmalar\u0131n\u0131 yerinde g\u00f6rmek \u00fczere Yal\u0131nkuyu Mahallesi\u2019nde hasat etkinli\u011fine kat\u0131lan \u0130l\u00e7e Kaymakam\u0131 Huriye K\u00fcpeli Kan ba\u015fta olmak \u00fczere il\u00e7e protokol \u00fcyeleri, k\u00f6yl\u00fclerle birlikte zeytin toplad\u0131. \u00dcreticiye bereketli bir hasat sezonu dileyen Kaymakam Kan: &#8220;82 mahallesi bulunan Nazilli\u2019nin 56 mahallesinde zeytin hasad\u0131 yap\u0131l\u0131yor&#8221; dedi.<\/p>\n<p>&#8220;Hasad\u0131 birlikte yapt\u0131lar&#8221;<br \/>\n<br \/>Nazilli Kaymakaml\u0131\u011f\u0131 ve \u0130l\u00e7e Tar\u0131m ve Orman M\u00fcd\u00fcrl\u00fc\u011f\u00fc taraf\u0131ndan organize edilen etkinli\u011fe il\u00e7e protokol\u00fc, mahalle muhtarlar\u0131 ve mahalle halk\u0131 yo\u011fun ilgi g\u00f6sterdi. Yal\u0131nkuyu Mahalle Muhtar\u0131 Ahmet \u0130nan ve mahalle halk\u0131n\u0131n ev sahipli\u011finde ger\u00e7ekle\u015ftirilen zeytin hasad\u0131na Nazilli Kaymakam\u0131 Huriye K\u00fcpeli Kan, \u0130l\u00e7e Jandarma Komutan\u0131 Y\u00fczba\u015f\u0131 Ahmet Refik \u00d6zsoy, \u0130l\u00e7e Tar\u0131m ve Orman M\u00fcd\u00fcr\u00fc Sunay G\u00fcler, Nazilli Kaymakaml\u0131\u011f\u0131 Sosyal Yard\u0131mla\u015fma ve Dayan\u0131\u015fma Vakf\u0131 M\u00fcd\u00fcr\u00fc Ahmet \u00c7evik\u00e7elik, \u00e7ok say\u0131da kurum personeli ve \u00e7evredeki mahallelerin muhtarlar\u0131 kat\u0131ld\u0131. Protokol \u00fcyeleri, \u00e7al\u0131\u015fanlarla birlikte zeytin hasad\u0131na destek verdi.<\/p>\n<p>&#8220;Uzun ya\u015fam\u0131n s\u0131rr\u0131 zeytin ve zeytinya\u011f\u0131&#8221;<br \/>\n<br \/>B\u00fcy\u00fck emeklerle ger\u00e7ekle\u015ftirilen zeytin hasad\u0131n\u0131n zor ve me\u015fakkatli oldu\u011funu ifade eden Nazilli Kaymakam\u0131 Huriye K\u00fcpeli Kan, &#8220;82 mahallesi bulunan Nazilli\u2019nin 56 mahallesinde zeytin hasad\u0131 yap\u0131l\u0131yor. Y\u00fczlerce y\u0131ll\u0131k zeytin a\u011fa\u00e7lar\u0131 bereketini halk\u0131m\u0131zla payla\u015fmaya devam ediyor. Bu da\u011flar\u0131m\u0131zda T\u00fcrkiye\u2019nin en \u00f6nemli \u00fcr\u00fcnleri aras\u0131nda yer alan incir ve kestanemizin yan\u0131s\u0131ra zeytin de \u00f6nemli bir gelir kayna\u011f\u0131. Arazi yap\u0131s\u0131 nedeniyle zor ve me\u015fakkatli bir \u00e7al\u0131\u015fma yap\u0131l\u0131yor. Vatanda\u015flar\u0131m\u0131z bu d\u00f6nemde hasatla u\u011fra\u015f\u0131yor. Yal\u0131nkuyu Mahallemizde de zeytin hasad\u0131 ba\u015flad\u0131. Uzun ya\u015fam\u0131n s\u0131rr\u0131 zeytin ve zeytinya\u011f\u0131. Bu \u00fcr\u00fcnleri bizleri sunan 80-90-100 ya\u015f\u0131ndaki vatanda\u015flar\u0131m\u0131za \u00e7ok te\u015fekk\u00fcr ediyorum. Zeytin t\u00fcrleri aras\u0131nda \u015fu an \u00e7eki\u015fte denen t\u00fcr hasat ediliyor. Ya\u011fl\u0131k ve sofral\u0131k \u015fekilde hasat edilerek sofralar\u0131m\u0131za gelecek in\u015fallah. Herkesin eme\u011fine sa\u011fl\u0131k diyorum&#8221; dedi.<\/p>\n<p>As\u0131rl\u0131k a\u011fa\u00e7larda zeytin hasad\u0131<br \/>\n<br \/>Mahalle sakinlerinden Ali Murat Dursun, sofral\u0131k ve ya\u011fl\u0131k zeytin hasad\u0131na ba\u015flad\u0131klar\u0131n\u0131 ifade ederek: &#8220;Yakla\u015f\u0131k 30 y\u0131ld\u0131r zeytin i\u015fiyle u\u011fra\u015f\u0131yorum. Bir ay \u00f6nce sofral\u0131k zeytinle hasada ba\u015flad\u0131k. \u015eimdi de hem sofral\u0131k hem de ya\u011fl\u0131k zeytin hasad\u0131na devam ediyoruz. Y\u0131lba\u015f\u0131na kadar da hasat devam eder. Bu sene kurakl\u0131k nedeniyle hasad\u0131m\u0131zda rekolte d\u00fc\u015f\u00fck olacak. Bak\u0131m\u0131 ve hasad\u0131 zor \u015fartlarda ger\u00e7ekle\u015ftirdi\u011fimiz zeytinimizden elde etti\u011fimiz gelirle ge\u00e7imimizi sa\u011flamaya devam edece\u011fiz. Sezonumuzun bereketli ge\u00e7mesini diliyorum&#8221; dedi.<br \/><\/p>\n","protected":false},"excerpt":{"rendered":"<p>Ayd\u0131n\u2019\u0131n Nazilli il\u00e7esinde sezonun ba\u015flamas\u0131 ile birlikte zeytin bah\u00e7elerinde de hareketlilik s\u00fcr\u00fcyor. Yakla\u015f\u0131k bir ay \u00f6nce sofral\u0131k ye\u015fil zeytin hasad\u0131na ba\u015flan\u0131rken \u015fimdilerde de hem sofral\u0131k hem de ya\u011fl\u0131k zeytin hasad\u0131 hummal\u0131 bir \u015fekilde devam ediyor. Yal\u0131nkuyu Mahallesi\u2019ndeki zeytin hasad\u0131na Kaymakam Huriye K\u00fcpeli Kan ve beraberindeki protokol \u00fcyeleri de kat\u0131ld\u0131. 82 mahallesi bulunan Nazilli\u2019nin k\u0131rsal 56&#8230;<\/p>\n","protected":false},"author":1,"featured_media":68319,"comment_status":"open","ping_status":"open","sticky":false,"template":"","format":"standard","meta":{"_crdt_document":"","footnotes":""},"categories":[1],"tags":[],"class_list":["post-68318","post","type-post","status-publish","format-standard","has-post-thumbnail","hentry","category-guncel"],"_links":{"self":[{"href":"https:\/\/www.egemtv.com\/index.php?rest_route=\/wp\/v2\/posts\/68318","targetHints":{"allow":["GET"]}}],"collection":[{"href":"https:\/\/www.egemtv.com\/index.php?rest_route=\/wp\/v2\/posts"}],"about":[{"href":"https:\/\/www.egemtv.com\/index.php?rest_route=\/wp\/v2\/types\/post"}],"author":[{"embeddable":true,"href":"https:\/\/www.egemtv.com\/index.php?rest_route=\/wp\/v2\/users\/1"}],"replies":[{"embeddable":true,"href":"https:\/\/www.egemtv.com\/index.php?rest_route=%2Fwp%2Fv2%2Fcomments&post=68318"}],"version-history":[{"count":1,"href":"https:\/\/www.egemtv.com\/index.php?rest_route=\/wp\/v2\/posts\/68318\/revisions"}],"predecessor-version":[{"id":68320,"href":"https:\/\/www.egemtv.com\/index.php?rest_route=\/wp\/v2\/posts\/68318\/revisions\/68320"}],"wp:featuredmedia":[{"embeddable":true,"href":"https:\/\/www.egemtv.com\/index.php?rest_route=\/wp\/v2\/media\/68319"}],"wp:attachment":[{"href":"https:\/\/www.egemtv.com\/index.php?rest_route=%2Fwp%2Fv2%2Fmedia&parent=68318"}],"wp:term":[{"taxonomy":"category","embeddable":true,"href":"https:\/\/www.egemtv.com\/index.php?rest_route=%2Fwp%2Fv2%2Fcategories&post=68318"},{"taxonomy":"post_tag","embeddable":true,"href":"https:\/\/www.egemtv.com\/index.php?rest_route=%2Fwp%2Fv2%2Ftags&post=68318"}],"curies":[{"name":"wp","href":"https:\/\/api.w.org\/{rel}","templated":true}]}}