{"id":68315,"date":"2025-11-17T16:54:57","date_gmt":"2025-11-17T13:54:57","guid":{"rendered":"https:\/\/www.egemtv.com\/?p=68315"},"modified":"2025-11-17T16:54:58","modified_gmt":"2025-11-17T13:54:58","slug":"aydin-esnafina-ozel-indirimli-egitim-protokolu-imzalandi","status":"publish","type":"post","link":"https:\/\/www.egemtv.com\/?p=68315","title":{"rendered":"Ayd\u0131n esnaf\u0131na \u00f6zel indirimli e\u011fitim protokol\u00fc imzaland\u0131"},"content":{"rendered":"<p>Ayd\u0131n\u2019da 52 bin \u00fcyenin ba\u011fl\u0131 bulundu\u011fu Esnaf ve Sanatkarlar Odalar\u0131 Birli\u011fi (AYESOB), \u00fcyelerinin ekonomik y\u00fck\u00fcn\u00fc hafifletmeye y\u00f6nelik \u00f6nemli bir ad\u0131m daha att\u0131. AYESOB ile \u00f6zel bir anaokulu aras\u0131nda, esnaf \u00fcyeleri ve \u00e7al\u0131\u015fanlar\u0131na \u00f6zel indirimler sa\u011flayan e\u011fitim protokol\u00fc imzaland\u0131.<\/p>\n<p>Birlik binas\u0131nda yap\u0131lan g\u00f6r\u00fc\u015fmede AYESOB Ba\u015fkan\u0131 Muhammet Ali K\u00fcnkc\u00fc ile Anaokulu Y\u00f6netim Kurulu Ba\u015fkan\u0131 Ceyhan Akme\u015fe taraf\u0131ndan imzalanan protokol kapsam\u0131nda, birli\u011fe ba\u011fl\u0131 esnaf \u00fcyeleri ve \u00e7al\u0131\u015fanlar\u0131na 2025-2026 E\u011fitim \u00d6\u011fretim y\u0131l\u0131 i\u00e7in y\u00fczde 20 indirim uygulanacak. Y\u0131ll\u0131k 200 bin TL olan e\u011fitim \u00fccreti, indirim sonras\u0131 150 bin TL olarak belirlendi. \u00dccrete yemek ve e\u011fitim hizmetleri de dahil olacak. Ayr\u0131ca esnaf \u00fcyelerinin birinci derece yak\u0131nlar\u0131 da bu indirimden faydalanabilecek. \u00d6demeler 10 e\u015fit taksitte yap\u0131labilecek ve e\u011fitim-\u00f6\u011fretim d\u00f6nemi 20 Ekim 2025 ile 30 Haziran 2026 aras\u0131nda ge\u00e7erli olacak. \u00d6te yandan protokol kapsam\u0131nda e\u011fitim y\u0131l\u0131 boyunca k\u0131rtasiye \u00fccreti talep edilmeyecek. B\u00f6ylece esnaf ailelerine ek bir maliyet \u00e7\u0131kmayacak.<\/p>\n<p>AYESOB Ba\u015fkan\u0131 Muhammet Ali K\u00fcnkc\u00fc, imzalanan protokol\u00fcn esnaf ailelerine katk\u0131 sa\u011flayaca\u011f\u0131n\u0131 belirterek, hay\u0131rl\u0131 olmas\u0131n\u0131 diledi.<br \/><\/p>\n","protected":false},"excerpt":{"rendered":"<p>Ayd\u0131n\u2019da 52 bin \u00fcyenin ba\u011fl\u0131 bulundu\u011fu Esnaf ve Sanatkarlar Odalar\u0131 Birli\u011fi (AYESOB), \u00fcyelerinin ekonomik y\u00fck\u00fcn\u00fc hafifletmeye y\u00f6nelik \u00f6nemli bir ad\u0131m daha att\u0131. AYESOB ile \u00f6zel bir anaokulu aras\u0131nda, esnaf \u00fcyeleri ve \u00e7al\u0131\u015fanlar\u0131na \u00f6zel indirimler sa\u011flayan e\u011fitim protokol\u00fc imzaland\u0131. Birlik binas\u0131nda yap\u0131lan g\u00f6r\u00fc\u015fmede AYESOB Ba\u015fkan\u0131 Muhammet Ali K\u00fcnkc\u00fc ile Anaokulu Y\u00f6netim Kurulu Ba\u015fkan\u0131 Ceyhan Akme\u015fe taraf\u0131ndan&#8230;<\/p>\n","protected":false},"author":1,"featured_media":68316,"comment_status":"open","ping_status":"open","sticky":false,"template":"","format":"standard","meta":{"_crdt_document":"","footnotes":""},"categories":[1],"tags":[],"class_list":["post-68315","post","type-post","status-publish","format-standard","has-post-thumbnail","hentry","category-guncel"],"_links":{"self":[{"href":"https:\/\/www.egemtv.com\/index.php?rest_route=\/wp\/v2\/posts\/68315","targetHints":{"allow":["GET"]}}],"collection":[{"href":"https:\/\/www.egemtv.com\/index.php?rest_route=\/wp\/v2\/posts"}],"about":[{"href":"https:\/\/www.egemtv.com\/index.php?rest_route=\/wp\/v2\/types\/post"}],"author":[{"embeddable":true,"href":"https:\/\/www.egemtv.com\/index.php?rest_route=\/wp\/v2\/users\/1"}],"replies":[{"embeddable":true,"href":"https:\/\/www.egemtv.com\/index.php?rest_route=%2Fwp%2Fv2%2Fcomments&post=68315"}],"version-history":[{"count":1,"href":"https:\/\/www.egemtv.com\/index.php?rest_route=\/wp\/v2\/posts\/68315\/revisions"}],"predecessor-version":[{"id":68317,"href":"https:\/\/www.egemtv.com\/index.php?rest_route=\/wp\/v2\/posts\/68315\/revisions\/68317"}],"wp:featuredmedia":[{"embeddable":true,"href":"https:\/\/www.egemtv.com\/index.php?rest_route=\/wp\/v2\/media\/68316"}],"wp:attachment":[{"href":"https:\/\/www.egemtv.com\/index.php?rest_route=%2Fwp%2Fv2%2Fmedia&parent=68315"}],"wp:term":[{"taxonomy":"category","embeddable":true,"href":"https:\/\/www.egemtv.com\/index.php?rest_route=%2Fwp%2Fv2%2Fcategories&post=68315"},{"taxonomy":"post_tag","embeddable":true,"href":"https:\/\/www.egemtv.com\/index.php?rest_route=%2Fwp%2Fv2%2Ftags&post=68315"}],"curies":[{"name":"wp","href":"https:\/\/api.w.org\/{rel}","templated":true}]}}