{"id":68309,"date":"2025-11-17T16:34:44","date_gmt":"2025-11-17T13:34:44","guid":{"rendered":"https:\/\/www.egemtv.com\/?p=68309"},"modified":"2025-11-17T16:34:45","modified_gmt":"2025-11-17T13:34:45","slug":"tyf-yelken-ligi-ilca-2-ayak-yildizlar-kupasi-bodrumda-sona-erdi","status":"publish","type":"post","link":"https:\/\/www.egemtv.com\/?p=68309","title":{"rendered":"TYF Yelken Ligi Ilca 2. ayak y\u0131ld\u0131zlar kupas\u0131 Bodrum\u2019da sona erdi"},"content":{"rendered":"<p>T\u00fcrkiye Yelken Federasyonu Yelken Ligi Ilca 2. Ayak Y\u0131ld\u0131zlar Kupas\u0131, Bodrum Belediyesi Bodrumspor Yelken \u015eubesi\u2019nin ev sahipli\u011finde ger\u00e7ekle\u015fen \u00f6d\u00fcl t\u00f6reniyle tamamland\u0131.<\/p>\n<p>12-16 Kas\u0131m tarihleri aras\u0131nda \u0130\u00e7meler\u2019de yap\u0131lan organizasyonda T\u00fcrkiye\u2019nin farkl\u0131 kul\u00fcplerinden gelen 134 sporcu Bodrum a\u00e7\u0131klar\u0131nda m\u00fccadele etti. Bodrum\u2019daki t\u00f6rene TYF Asba\u015fkan\u0131 Murat \u015eener, B.B. Bodrumspor Kul\u00fcp Ba\u015fkan\u0131 Hadi T\u00fcrk, milli tak\u0131m antren\u00f6rleri, sporcular, antren\u00f6rler, kul\u00fcp temsilcileri ve yelken severler kat\u0131ld\u0131. Yar\u0131\u015flara Bodrum\u2019dan B.B. Bodrumspor, Yal\u0131kavak Yelken Spor Kul\u00fcb\u00fc, Era Bodrum Yelken Spor Kul\u00fcb\u00fc ve Turgutreis Yelken Spor Kul\u00fcb\u00fc de kat\u0131l\u0131m sa\u011flad\u0131.<\/p>\n<p>Ilca 4 genel kategorisinde birincilik B.B. Bodrumspor sporcusu Tayfun T\u00fcrk\u2019\u00fcn oldu. Mehmet Sarp Balta (Era Bodrum Yelken) ikinci, Arel Hang\u00fcl (Yal\u0131kavak Yelken Spor Kul\u00fcb\u00fc) \u00fc\u00e7\u00fcnc\u00fc, Derin De\u011fi\u015fen (B.B. Bodrumspor) d\u00f6rd\u00fcnc\u00fc, Ahmet Efe \u00c7anak\u00e7\u0131 (B.B. Bodrumspor) be\u015finci s\u0131rada yer ald\u0131. Ilca 4 k\u0131z kategorisinde Derin De\u011fi\u015fen (B.B. Bodrumspor) birincili\u011fi elde ederken, Zeynep Alpartun (Fenerbah\u00e7e Do\u011fu\u015f Yelken) ikinci, Elya \u015eakakl\u0131 (Fenerbah\u00e7e Do\u011fu\u015f Yelken) \u00fc\u00e7\u00fcnc\u00fc oldu. Ilca 4 junior s\u0131n\u0131f\u0131nda Arel Hang\u00fcl (Yal\u0131kavak Yelken Spor Kul\u00fcb\u00fc) birinci, Ahmet Efe \u00c7anak\u00e7\u0131 (B.B. Bodrumspor) ikinci, Emil \u00d6cal (\u0130stanbul Yelken Spor Kul\u00fcb\u00fc) \u00fc\u00e7\u00fcnc\u00fc oldu. Ilca 6 genel kategorisinde birincilik Ali Poyraz \u00d6zdemir\u2019in (Galatasaray Yelken) oldu. Efe Arbak (Arkas \u00c7e\u015fme Yelken) ikinci, Ecem G\u00fczel (Galatasaray Yelken) \u00fc\u00e7\u00fcnc\u00fc s\u0131rada yer ald\u0131. Ilca 6 gen\u00e7 kad\u0131n s\u0131n\u0131f\u0131nda Derin Bartan (Yal\u0131kavak Yelken) birinci, Duru Alpk\u00f6kin (Galatasaray Yelken) ikinci, Su Bayrak (Kar\u015f\u0131yaka Yelken Spor Kul\u00fcb\u00fc) \u00fc\u00e7\u00fcnc\u00fc oldu. Ilca 6 gen\u00e7 kategorisinde Ali Poyraz \u00d6zdemir (Galatasaray Yelken) birinci, Efe Arbak (Arkas \u00c7e\u015fme Yelken) ikinci, Sinan Uslu (Fenerbah\u00e7e Do\u011fu\u015f Yelken) \u00fc\u00e7\u00fcnc\u00fc s\u0131rada yer ald\u0131. Ilca 6 kad\u0131n kategorisinde Ecem G\u00fczel (Galatasaray Yelken) birinci, Ece T\u00fcz\u00fcn (Fenerbah\u00e7e Do\u011fu\u015f Yelken) ikinci, Derin Bartan (Yal\u0131kavak Yelken Spor Kul\u00fcb\u00fc) \u00fc\u00e7\u00fcnc\u00fc oldu. Ilca 7 genel kategorisinde birincili\u011fi Umut Eyirpark (Galatasaray Yelken) elde ederken, Kutsal G\u00fcne\u015f Kurnaz (Fenerbah\u00e7e Do\u011fu\u015f Yelken) ikinci, Fevzi Kurt (Yal\u0131kavak Yelken) \u00fc\u00e7\u00fcnc\u00fc oldu. Ilca 7 gen\u00e7 kategorisinde ise Kutsal G\u00fcne\u015f Kurnaz (Fenerbah\u00e7e Do\u011fu\u015f Yelken) birinci, Fevzi Kurt (Yal\u0131kavak Yelken) ikinci, Kerem Ulu (Teos Yat ve Yelken Kul\u00fcb\u00fc) \u00fc\u00e7\u00fcnc\u00fc s\u0131rada yer ald\u0131.<\/p>\n<p>\u00d6d\u00fcl t\u00f6reninde konu\u015fan B.B. Bodrumspor Kul\u00fcp Ba\u015fkan\u0131 Hadi T\u00fcrk, &#8220;T\u00fcrkiye Yelken Federasyonu\u2019nun bu de\u011ferli organizasyonuna ev sahipli\u011fi yapmaktan memnuniyet duyduk. Bodrum\u2019un yelkendeki g\u00fc\u00e7l\u00fc altyap\u0131s\u0131n\u0131 bir kez daha g\u00f6stermemizi sa\u011flayan t\u00fcm kul\u00fcplere ve sporculara te\u015fekk\u00fcr ediyor, dereceye giren sporcular\u0131m\u0131z\u0131 ve antren\u00f6rlerini tebrik ediyorum. Bodrum, yelken sporunun kalbi olmaya devam edecek&#8221; dedi.<br \/><\/p>\n","protected":false},"excerpt":{"rendered":"<p>T\u00fcrkiye Yelken Federasyonu Yelken Ligi Ilca 2. Ayak Y\u0131ld\u0131zlar Kupas\u0131, Bodrum Belediyesi Bodrumspor Yelken \u015eubesi\u2019nin ev sahipli\u011finde ger\u00e7ekle\u015fen \u00f6d\u00fcl t\u00f6reniyle tamamland\u0131. 12-16 Kas\u0131m tarihleri aras\u0131nda \u0130\u00e7meler\u2019de yap\u0131lan organizasyonda T\u00fcrkiye\u2019nin farkl\u0131 kul\u00fcplerinden gelen 134 sporcu Bodrum a\u00e7\u0131klar\u0131nda m\u00fccadele etti. Bodrum\u2019daki t\u00f6rene TYF Asba\u015fkan\u0131 Murat \u015eener, B.B. Bodrumspor Kul\u00fcp Ba\u015fkan\u0131 Hadi T\u00fcrk, milli tak\u0131m antren\u00f6rleri, sporcular, antren\u00f6rler,&#8230;<\/p>\n","protected":false},"author":1,"featured_media":68310,"comment_status":"open","ping_status":"open","sticky":false,"template":"","format":"standard","meta":{"_crdt_document":"","footnotes":""},"categories":[4],"tags":[],"class_list":["post-68309","post","type-post","status-publish","format-standard","has-post-thumbnail","hentry","category-spor"],"_links":{"self":[{"href":"https:\/\/www.egemtv.com\/index.php?rest_route=\/wp\/v2\/posts\/68309","targetHints":{"allow":["GET"]}}],"collection":[{"href":"https:\/\/www.egemtv.com\/index.php?rest_route=\/wp\/v2\/posts"}],"about":[{"href":"https:\/\/www.egemtv.com\/index.php?rest_route=\/wp\/v2\/types\/post"}],"author":[{"embeddable":true,"href":"https:\/\/www.egemtv.com\/index.php?rest_route=\/wp\/v2\/users\/1"}],"replies":[{"embeddable":true,"href":"https:\/\/www.egemtv.com\/index.php?rest_route=%2Fwp%2Fv2%2Fcomments&post=68309"}],"version-history":[{"count":1,"href":"https:\/\/www.egemtv.com\/index.php?rest_route=\/wp\/v2\/posts\/68309\/revisions"}],"predecessor-version":[{"id":68311,"href":"https:\/\/www.egemtv.com\/index.php?rest_route=\/wp\/v2\/posts\/68309\/revisions\/68311"}],"wp:featuredmedia":[{"embeddable":true,"href":"https:\/\/www.egemtv.com\/index.php?rest_route=\/wp\/v2\/media\/68310"}],"wp:attachment":[{"href":"https:\/\/www.egemtv.com\/index.php?rest_route=%2Fwp%2Fv2%2Fmedia&parent=68309"}],"wp:term":[{"taxonomy":"category","embeddable":true,"href":"https:\/\/www.egemtv.com\/index.php?rest_route=%2Fwp%2Fv2%2Fcategories&post=68309"},{"taxonomy":"post_tag","embeddable":true,"href":"https:\/\/www.egemtv.com\/index.php?rest_route=%2Fwp%2Fv2%2Ftags&post=68309"}],"curies":[{"name":"wp","href":"https:\/\/api.w.org\/{rel}","templated":true}]}}