{"id":68306,"date":"2025-11-17T16:15:52","date_gmt":"2025-11-17T13:15:52","guid":{"rendered":"https:\/\/www.egemtv.com\/?p=68306"},"modified":"2025-11-17T16:15:52","modified_gmt":"2025-11-17T13:15:52","slug":"bodrumun-tarihine-yolculuguna-yogun-ilgi","status":"publish","type":"post","link":"https:\/\/www.egemtv.com\/?p=68306","title":{"rendered":"Bodrum\u2019un tarihine yolculu\u011funa yo\u011fun ilgi"},"content":{"rendered":"<p>Bodrum Belediyesine ba\u011fl\u0131 Pedasa ve Leleg Uygarl\u0131\u011f\u0131 Ara\u015ft\u0131rma ve Uygulama Birimi taraf\u0131ndan d\u00fczenlenen k\u00fclt\u00fcr y\u00fcr\u00fcy\u00fc\u015f\u00fcn\u00fcm son dura\u011f\u0131 Bodrum Kalesi ile Sualt\u0131 Arkeoloji M\u00fczesi oldu. Etkinlik, 16 Kas\u0131m Pazar g\u00fcn\u00fc geni\u015f bir kat\u0131l\u0131mla ger\u00e7ekle\u015ftirildi.<\/p>\n<p>Bodrum Kalesinin tarihi dokusunu, mimari \u00f6zelliklerini ve ge\u00e7irdi\u011fi d\u00f6nemsel de\u011fi\u015fimleri inceleme f\u0131rsat\u0131 bulan kat\u0131l\u0131mc\u0131lar etkinli\u011fe yo\u011fun ilgi g\u00f6sterdi. Program kapsam\u0131nda ziyaret edilen Sualt\u0131 Arkeoloji M\u00fczesi hakk\u0131nda da kat\u0131l\u0131mc\u0131lara kapsaml\u0131 bilgiler verildi. D\u00fcnyada bilimsel sualt\u0131 arkeoloji kaz\u0131lar\u0131n\u0131n ilk kez ba\u015flat\u0131ld\u0131\u011f\u0131 yer olan m\u00fczenin, T\u00fcrkiye\u2019de sergilenen tek sualt\u0131 arkeoloji m\u00fczesi olmas\u0131 nedeniyle ta\u015f\u0131d\u0131\u011f\u0131 \u00f6nem vurguland\u0131. M\u00fcze i\u00e7inde yer alan bat\u0131klar, eserler ve sualt\u0131 buluntular\u0131 \u00fczerinden b\u00f6lgenin binlerce y\u0131ll\u0131k ticaret ge\u00e7mi\u015fine dair detayl\u0131 bilgiler payla\u015f\u0131ld\u0131.<br \/>\n<br \/>Etkinlikte, bat\u0131klarin yani s\u0131ra Bodrum\u2019un tarihi s\u00fcrecine \u0131\u015f\u0131k tutan kaz\u0131lardan \u00e7\u0131kan eserler ile &#8220;Antik \u00c7a\u011fda Enflasyon ve Alim G\u00fcc\u00fc&#8221; adli s\u00fcreli sergi de gezildi. Yap\u0131lan detayl\u0131 anlat\u0131mlar, Bodrumun k\u00fclt\u00fcrel miras\u0131n\u0131n ve tarihi zenginliklerinin daha yak\u0131ndan tan\u0131nmas\u0131n\u0131 sa\u011flad\u0131.<\/p>\n<p>Bodrum Belediyesi, &#8220;Rotam\u0131zda; Arkeolojiyi Ke\u015ffet, K\u00fclt\u00fcr\u00fc Yasa, Hikayeni Payla\u015f&#8221; slogan\u0131yla y\u0131l boyunca k\u00fclt\u00fcrel ve do\u011fal miras\u0131 halkla bulu\u015fturmaya devam edecek. Belediye, t\u00fcm vatanda\u015flar\u0131 kentin zengin k\u00fclt\u00fcrel dokusunu yak\u0131ndan tan\u0131maya ve korunmas\u0131na katk\u0131 sa\u011flamaya davet etti.<br \/><\/p>\n","protected":false},"excerpt":{"rendered":"<p>Bodrum Belediyesine ba\u011fl\u0131 Pedasa ve Leleg Uygarl\u0131\u011f\u0131 Ara\u015ft\u0131rma ve Uygulama Birimi taraf\u0131ndan d\u00fczenlenen k\u00fclt\u00fcr y\u00fcr\u00fcy\u00fc\u015f\u00fcn\u00fcm son dura\u011f\u0131 Bodrum Kalesi ile Sualt\u0131 Arkeoloji M\u00fczesi oldu. Etkinlik, 16 Kas\u0131m Pazar g\u00fcn\u00fc geni\u015f bir kat\u0131l\u0131mla ger\u00e7ekle\u015ftirildi. Bodrum Kalesinin tarihi dokusunu, mimari \u00f6zelliklerini ve ge\u00e7irdi\u011fi d\u00f6nemsel de\u011fi\u015fimleri inceleme f\u0131rsat\u0131 bulan kat\u0131l\u0131mc\u0131lar etkinli\u011fe yo\u011fun ilgi g\u00f6sterdi. Program kapsam\u0131nda ziyaret edilen&#8230;<\/p>\n","protected":false},"author":1,"featured_media":68307,"comment_status":"open","ping_status":"open","sticky":false,"template":"","format":"standard","meta":{"_crdt_document":"","footnotes":""},"categories":[1],"tags":[],"class_list":["post-68306","post","type-post","status-publish","format-standard","has-post-thumbnail","hentry","category-guncel"],"_links":{"self":[{"href":"https:\/\/www.egemtv.com\/index.php?rest_route=\/wp\/v2\/posts\/68306","targetHints":{"allow":["GET"]}}],"collection":[{"href":"https:\/\/www.egemtv.com\/index.php?rest_route=\/wp\/v2\/posts"}],"about":[{"href":"https:\/\/www.egemtv.com\/index.php?rest_route=\/wp\/v2\/types\/post"}],"author":[{"embeddable":true,"href":"https:\/\/www.egemtv.com\/index.php?rest_route=\/wp\/v2\/users\/1"}],"replies":[{"embeddable":true,"href":"https:\/\/www.egemtv.com\/index.php?rest_route=%2Fwp%2Fv2%2Fcomments&post=68306"}],"version-history":[{"count":1,"href":"https:\/\/www.egemtv.com\/index.php?rest_route=\/wp\/v2\/posts\/68306\/revisions"}],"predecessor-version":[{"id":68308,"href":"https:\/\/www.egemtv.com\/index.php?rest_route=\/wp\/v2\/posts\/68306\/revisions\/68308"}],"wp:featuredmedia":[{"embeddable":true,"href":"https:\/\/www.egemtv.com\/index.php?rest_route=\/wp\/v2\/media\/68307"}],"wp:attachment":[{"href":"https:\/\/www.egemtv.com\/index.php?rest_route=%2Fwp%2Fv2%2Fmedia&parent=68306"}],"wp:term":[{"taxonomy":"category","embeddable":true,"href":"https:\/\/www.egemtv.com\/index.php?rest_route=%2Fwp%2Fv2%2Fcategories&post=68306"},{"taxonomy":"post_tag","embeddable":true,"href":"https:\/\/www.egemtv.com\/index.php?rest_route=%2Fwp%2Fv2%2Ftags&post=68306"}],"curies":[{"name":"wp","href":"https:\/\/api.w.org\/{rel}","templated":true}]}}