{"id":68303,"date":"2025-11-17T16:15:51","date_gmt":"2025-11-17T13:15:51","guid":{"rendered":"https:\/\/www.egemtv.com\/?p=68303"},"modified":"2025-11-17T16:15:51","modified_gmt":"2025-11-17T13:15:51","slug":"izmirde-santiyede-yangin-gokyuzunu-siyah-dumanlar-kapladi","status":"publish","type":"post","link":"https:\/\/www.egemtv.com\/?p=68303","title":{"rendered":"\u0130zmir\u2019de \u015fantiyede yang\u0131n, g\u00f6ky\u00fcz\u00fcn\u00fc siyah dumanlar kaplad\u0131"},"content":{"rendered":"<p>\u0130zmir\u2019in Bayrakl\u0131 il\u00e7esinde bir in\u015faat firmas\u0131na ait \u015fantiyede yang\u0131n \u00e7\u0131kt\u0131. Kara dumanlar\u0131n y\u00fckseldi\u011fi yang\u0131n\u0131n s\u00f6nd\u00fcr\u00fclmesi i\u00e7in itfaiye yo\u011fun \u00e7al\u0131\u015fma sergiliyor.<br \/>\n<br \/>Yang\u0131n, bug\u00fcn saat 15.30 s\u0131ralar\u0131nda ba\u015flad\u0131. Edinilen bilgiye g\u00f6re, Bayrakl\u0131 Adalet Mahallesi\u2019nde bir in\u015faat firmas\u0131na ait \u015fantiyede konteynerde yang\u0131n \u00e7\u0131kt\u0131. Hen\u00fcz \u00e7\u0131k\u0131\u015f sebebi belirlenemeyen yang\u0131n k\u0131sa s\u00fcrede b\u00fcy\u00fcd\u00fc. \u015eantiye g\u00f6revlilerinin m\u00fcdahalesi yetersiz kal\u0131nca alevler \u00e7evredeki a\u011fa\u00e7lara da s\u0131\u00e7rad\u0131. Olay yerine gelen itfaiye ekipleri, yang\u0131n\u0131 s\u00f6nd\u00fcrmek i\u00e7in \u00e7al\u0131\u015fma ba\u015flatt\u0131.<br \/>\n<br \/>\u0130tfaiyenin m\u00fcdahalesi s\u00fcr\u00fcyor.<br \/><\/p>\n","protected":false},"excerpt":{"rendered":"<p>\u0130zmir\u2019in Bayrakl\u0131 il\u00e7esinde bir in\u015faat firmas\u0131na ait \u015fantiyede yang\u0131n \u00e7\u0131kt\u0131. Kara dumanlar\u0131n y\u00fckseldi\u011fi yang\u0131n\u0131n s\u00f6nd\u00fcr\u00fclmesi i\u00e7in itfaiye yo\u011fun \u00e7al\u0131\u015fma sergiliyor. Yang\u0131n, bug\u00fcn saat 15.30 s\u0131ralar\u0131nda ba\u015flad\u0131. Edinilen bilgiye g\u00f6re, Bayrakl\u0131 Adalet Mahallesi\u2019nde bir in\u015faat firmas\u0131na ait \u015fantiyede konteynerde yang\u0131n \u00e7\u0131kt\u0131. Hen\u00fcz \u00e7\u0131k\u0131\u015f sebebi belirlenemeyen yang\u0131n k\u0131sa s\u00fcrede b\u00fcy\u00fcd\u00fc. \u015eantiye g\u00f6revlilerinin m\u00fcdahalesi yetersiz kal\u0131nca alevler \u00e7evredeki&#8230;<\/p>\n","protected":false},"author":1,"featured_media":68304,"comment_status":"open","ping_status":"open","sticky":false,"template":"","format":"standard","meta":{"_crdt_document":"","footnotes":""},"categories":[5],"tags":[],"class_list":["post-68303","post","type-post","status-publish","format-standard","has-post-thumbnail","hentry","category-asayis"],"_links":{"self":[{"href":"https:\/\/www.egemtv.com\/index.php?rest_route=\/wp\/v2\/posts\/68303","targetHints":{"allow":["GET"]}}],"collection":[{"href":"https:\/\/www.egemtv.com\/index.php?rest_route=\/wp\/v2\/posts"}],"about":[{"href":"https:\/\/www.egemtv.com\/index.php?rest_route=\/wp\/v2\/types\/post"}],"author":[{"embeddable":true,"href":"https:\/\/www.egemtv.com\/index.php?rest_route=\/wp\/v2\/users\/1"}],"replies":[{"embeddable":true,"href":"https:\/\/www.egemtv.com\/index.php?rest_route=%2Fwp%2Fv2%2Fcomments&post=68303"}],"version-history":[{"count":1,"href":"https:\/\/www.egemtv.com\/index.php?rest_route=\/wp\/v2\/posts\/68303\/revisions"}],"predecessor-version":[{"id":68305,"href":"https:\/\/www.egemtv.com\/index.php?rest_route=\/wp\/v2\/posts\/68303\/revisions\/68305"}],"wp:featuredmedia":[{"embeddable":true,"href":"https:\/\/www.egemtv.com\/index.php?rest_route=\/wp\/v2\/media\/68304"}],"wp:attachment":[{"href":"https:\/\/www.egemtv.com\/index.php?rest_route=%2Fwp%2Fv2%2Fmedia&parent=68303"}],"wp:term":[{"taxonomy":"category","embeddable":true,"href":"https:\/\/www.egemtv.com\/index.php?rest_route=%2Fwp%2Fv2%2Fcategories&post=68303"},{"taxonomy":"post_tag","embeddable":true,"href":"https:\/\/www.egemtv.com\/index.php?rest_route=%2Fwp%2Fv2%2Ftags&post=68303"}],"curies":[{"name":"wp","href":"https:\/\/api.w.org\/{rel}","templated":true}]}}