{"id":68300,"date":"2025-11-17T16:15:50","date_gmt":"2025-11-17T13:15:50","guid":{"rendered":"https:\/\/www.egemtv.com\/?p=68300"},"modified":"2025-11-17T16:15:51","modified_gmt":"2025-11-17T13:15:51","slug":"mcbu-hafsa-sultan-hastanesinde-dunya-premature-gunu-kutlandi","status":"publish","type":"post","link":"https:\/\/www.egemtv.com\/?p=68300","title":{"rendered":"MCB\u00dc Hafsa Sultan Hastanesi\u2019nde D\u00fcnya Premat\u00fcre G\u00fcn\u00fc kutland\u0131"},"content":{"rendered":"<p>Manisa Celal Bayar \u00dcniversitesi Hafsa Sultan Hastanesi Yenido\u011fan Yo\u011fun Bak\u0131m \u00dcnitesi taraf\u0131ndan 17 Kas\u0131m D\u00fcnya Premat\u00fcre G\u00fcn\u00fc, &#8220;Premat\u00fcre do\u011fsan da yaln\u0131z de\u011filsin&#8221; slogan\u0131yla premat\u00fcre bebekler ve ailelerinin kat\u0131l\u0131m\u0131yla kutland\u0131.<br \/>\n<br \/>Premat\u00fcre bebeklerin ya\u015fad\u0131\u011f\u0131 zorluklara dikkat \u00e7ekmek ve toplumda fark\u0131ndal\u0131k olu\u015fturmak amac\u0131yla 2011 y\u0131l\u0131ndan bu yana t\u00fcm d\u00fcnyada kutlanan D\u00fcnya Premat\u00fcre G\u00fcn\u00fc kapsam\u0131nda, hastanede 40\u2019a yak\u0131n aile bir araya geldi. Etkinli\u011fe MCB\u00dc Rekt\u00f6r Yard\u0131mc\u0131s\u0131 Prof. Dr. Oktay \u00dc\u00e7er, MCB\u00dc T\u0131p Fak\u00fcltesi Dekan\u0131 Prof. Dr. Artuner Deveci, ba\u015fhekim Prof. Dr. \u0130smet Top\u00e7u, dekan yard\u0131mc\u0131lar\u0131, yenido\u011fan personeli ile premat\u00fcre bebekler ve aileleri kat\u0131ld\u0131.<br \/>\n<br \/>Etkinlikte hastanenin ilk premat\u00fcre do\u011fan bebe\u011finden yaln\u0131zca 10 g\u00fcn \u00f6nce taburcu edilen en yeni premat\u00fcre bebe\u011fe kadar bir\u00e7ok aile birbirleriyle kayna\u015fma imk\u00e2n\u0131 buldu. Rekt\u00f6r Yard\u0131mc\u0131s\u0131 Prof. Dr. Oktay \u00dc\u00e7er, premat\u00fcre ailelerinin birbirini tan\u0131mas\u0131n\u0131n \u00f6nemine vurgu yaparak, &#8220;Ayn\u0131 sa\u011fl\u0131k problemlerini ya\u015fayan ailelerin fikir al\u0131\u015fveri\u015fi yapmas\u0131 a\u00e7\u0131s\u0131ndan bu etkinlikleri \u00e7ok \u00f6nemsiyoruz, devam\u0131n\u0131 sa\u011flamaya gayret ediyoruz.&#8221; dedi.<br \/>\n<br \/>Yenido\u011fan Bilim Dal\u0131 Ba\u015fkan\u0131 Do\u00e7. Dr. Sema Tanr\u0131verdi, 2024 y\u0131l\u0131nda hastanede do\u011fan 1028 bebe\u011fin 322\u2019sinin premat\u00fcre oldu\u011funu belirterek, son 6 y\u0131lda 3 bini a\u015fk\u0131n premat\u00fcre do\u011fum ger\u00e7ekle\u015fti\u011fini ifade etti. Tanr\u0131verdi, &#8220;\u00dclkemizde her 10 bebekten biri premat\u00fcre do\u011fmakta. Bu bebeklerin ya\u015fam kalitesi, erken d\u00f6nemde sunulan sa\u011fl\u0131k hizmetinin kalitesi ile yak\u0131ndan ili\u015fkilidir. Donan\u0131ml\u0131 ve deneyimli ekibimizle ileri d\u00fczey premat\u00fcre bebekleri sa\u011fl\u0131\u011f\u0131na kavu\u015fturmaya devam ediyoruz.&#8221; diye konu\u015ftu.<br \/>\n<br \/>Premat\u00fcrelerin simgesi olan mor rengin h\u00e2kim oldu\u011fu etkinlikte sunumlar yap\u0131ld\u0131, aileler ile sa\u011fl\u0131k personeli pasta kesti. Tanr\u0131verdi ayr\u0131ca d\u00fcnya premat\u00fcre g\u00fcn\u00fc kapsam\u0131nda bebeklere birer fidan hediye ettiklerini belirterek, &#8220;Fidanlar\u0131m\u0131z, bebeklerimizin gelece\u011fine nefes olacakt\u0131r.&#8221; dedi.<br \/>\n<br \/>Etkinlik, &#8220;Her nefeste birlikte&#8221; yaz\u0131l\u0131 pastan\u0131n kesilmesi ve toplu foto\u011fraf \u00e7ekiminin ard\u0131ndan sona erdi.<br \/><\/p>\n","protected":false},"excerpt":{"rendered":"<p>Manisa Celal Bayar \u00dcniversitesi Hafsa Sultan Hastanesi Yenido\u011fan Yo\u011fun Bak\u0131m \u00dcnitesi taraf\u0131ndan 17 Kas\u0131m D\u00fcnya Premat\u00fcre G\u00fcn\u00fc, &#8220;Premat\u00fcre do\u011fsan da yaln\u0131z de\u011filsin&#8221; slogan\u0131yla premat\u00fcre bebekler ve ailelerinin kat\u0131l\u0131m\u0131yla kutland\u0131. Premat\u00fcre bebeklerin ya\u015fad\u0131\u011f\u0131 zorluklara dikkat \u00e7ekmek ve toplumda fark\u0131ndal\u0131k olu\u015fturmak amac\u0131yla 2011 y\u0131l\u0131ndan bu yana t\u00fcm d\u00fcnyada kutlanan D\u00fcnya Premat\u00fcre G\u00fcn\u00fc kapsam\u0131nda, hastanede 40\u2019a yak\u0131n aile&#8230;<\/p>\n","protected":false},"author":1,"featured_media":68301,"comment_status":"open","ping_status":"open","sticky":false,"template":"","format":"standard","meta":{"_crdt_document":"","footnotes":""},"categories":[2],"tags":[],"class_list":["post-68300","post","type-post","status-publish","format-standard","has-post-thumbnail","hentry","category-saglik"],"_links":{"self":[{"href":"https:\/\/www.egemtv.com\/index.php?rest_route=\/wp\/v2\/posts\/68300","targetHints":{"allow":["GET"]}}],"collection":[{"href":"https:\/\/www.egemtv.com\/index.php?rest_route=\/wp\/v2\/posts"}],"about":[{"href":"https:\/\/www.egemtv.com\/index.php?rest_route=\/wp\/v2\/types\/post"}],"author":[{"embeddable":true,"href":"https:\/\/www.egemtv.com\/index.php?rest_route=\/wp\/v2\/users\/1"}],"replies":[{"embeddable":true,"href":"https:\/\/www.egemtv.com\/index.php?rest_route=%2Fwp%2Fv2%2Fcomments&post=68300"}],"version-history":[{"count":1,"href":"https:\/\/www.egemtv.com\/index.php?rest_route=\/wp\/v2\/posts\/68300\/revisions"}],"predecessor-version":[{"id":68302,"href":"https:\/\/www.egemtv.com\/index.php?rest_route=\/wp\/v2\/posts\/68300\/revisions\/68302"}],"wp:featuredmedia":[{"embeddable":true,"href":"https:\/\/www.egemtv.com\/index.php?rest_route=\/wp\/v2\/media\/68301"}],"wp:attachment":[{"href":"https:\/\/www.egemtv.com\/index.php?rest_route=%2Fwp%2Fv2%2Fmedia&parent=68300"}],"wp:term":[{"taxonomy":"category","embeddable":true,"href":"https:\/\/www.egemtv.com\/index.php?rest_route=%2Fwp%2Fv2%2Fcategories&post=68300"},{"taxonomy":"post_tag","embeddable":true,"href":"https:\/\/www.egemtv.com\/index.php?rest_route=%2Fwp%2Fv2%2Ftags&post=68300"}],"curies":[{"name":"wp","href":"https:\/\/api.w.org\/{rel}","templated":true}]}}