{"id":68297,"date":"2025-11-17T16:15:50","date_gmt":"2025-11-17T13:15:50","guid":{"rendered":"https:\/\/www.egemtv.com\/?p=68297"},"modified":"2025-11-17T16:15:50","modified_gmt":"2025-11-17T13:15:50","slug":"dalaman-aciklarinda-ticari-gemide-yaralanan-vatandasa-sahil-guvenlikten-tibbi-tahliye","status":"publish","type":"post","link":"https:\/\/www.egemtv.com\/?p=68297","title":{"rendered":"Dalaman a\u00e7\u0131klar\u0131nda ticari gemide yaralanan vatanda\u015fa Sahil G\u00fcvenlikten t\u0131bbi tahliye"},"content":{"rendered":"<p>Mu\u011fla\u2019n\u0131n Dalaman il\u00e7esi a\u00e7\u0131klar\u0131nda seyreden ticari gemide yaralanan vatanda\u015f Sahil G\u00fcvenlik ekipleri taraf\u0131ndan t\u0131bbi tahliyesi ger\u00e7ekle\u015ftirildi.<br \/>\n<br \/>Dalaman a\u00e7\u0131klar\u0131nda seyreden ticari gemide yaralanan vatanda\u015f 112 Acil \u00c7a\u011fr\u0131 Merkezini arayarak yard\u0131m \u00e7a\u011fr\u0131s\u0131 yapt\u0131. Yap\u0131lan yard\u0131m \u00e7a\u011fr\u0131s\u0131 sonras\u0131 b\u00f6lgede bulunan Sahil G\u00fcvenlik ekipleri taraf\u0131ndan yaralanan vatanda\u015f k\u0131y\u0131da bekleyen 112 ambulans ekiplerine teslim edildi.<br \/><\/p>\n","protected":false},"excerpt":{"rendered":"<p>Mu\u011fla\u2019n\u0131n Dalaman il\u00e7esi a\u00e7\u0131klar\u0131nda seyreden ticari gemide yaralanan vatanda\u015f Sahil G\u00fcvenlik ekipleri taraf\u0131ndan t\u0131bbi tahliyesi ger\u00e7ekle\u015ftirildi. Dalaman a\u00e7\u0131klar\u0131nda seyreden ticari gemide yaralanan vatanda\u015f 112 Acil \u00c7a\u011fr\u0131 Merkezini arayarak yard\u0131m \u00e7a\u011fr\u0131s\u0131 yapt\u0131. Yap\u0131lan yard\u0131m \u00e7a\u011fr\u0131s\u0131 sonras\u0131 b\u00f6lgede bulunan Sahil G\u00fcvenlik ekipleri taraf\u0131ndan yaralanan vatanda\u015f k\u0131y\u0131da bekleyen 112 ambulans ekiplerine teslim edildi.<\/p>\n","protected":false},"author":1,"featured_media":68298,"comment_status":"open","ping_status":"open","sticky":false,"template":"","format":"standard","meta":{"_crdt_document":"","footnotes":""},"categories":[2],"tags":[],"class_list":["post-68297","post","type-post","status-publish","format-standard","has-post-thumbnail","hentry","category-saglik"],"_links":{"self":[{"href":"https:\/\/www.egemtv.com\/index.php?rest_route=\/wp\/v2\/posts\/68297","targetHints":{"allow":["GET"]}}],"collection":[{"href":"https:\/\/www.egemtv.com\/index.php?rest_route=\/wp\/v2\/posts"}],"about":[{"href":"https:\/\/www.egemtv.com\/index.php?rest_route=\/wp\/v2\/types\/post"}],"author":[{"embeddable":true,"href":"https:\/\/www.egemtv.com\/index.php?rest_route=\/wp\/v2\/users\/1"}],"replies":[{"embeddable":true,"href":"https:\/\/www.egemtv.com\/index.php?rest_route=%2Fwp%2Fv2%2Fcomments&post=68297"}],"version-history":[{"count":1,"href":"https:\/\/www.egemtv.com\/index.php?rest_route=\/wp\/v2\/posts\/68297\/revisions"}],"predecessor-version":[{"id":68299,"href":"https:\/\/www.egemtv.com\/index.php?rest_route=\/wp\/v2\/posts\/68297\/revisions\/68299"}],"wp:featuredmedia":[{"embeddable":true,"href":"https:\/\/www.egemtv.com\/index.php?rest_route=\/wp\/v2\/media\/68298"}],"wp:attachment":[{"href":"https:\/\/www.egemtv.com\/index.php?rest_route=%2Fwp%2Fv2%2Fmedia&parent=68297"}],"wp:term":[{"taxonomy":"category","embeddable":true,"href":"https:\/\/www.egemtv.com\/index.php?rest_route=%2Fwp%2Fv2%2Fcategories&post=68297"},{"taxonomy":"post_tag","embeddable":true,"href":"https:\/\/www.egemtv.com\/index.php?rest_route=%2Fwp%2Fv2%2Ftags&post=68297"}],"curies":[{"name":"wp","href":"https:\/\/api.w.org\/{rel}","templated":true}]}}